{"id":22514,"date":"2025-09-28T08:58:08","date_gmt":"2025-09-28T12:58:08","guid":{"rendered":"https:\/\/entretormentas.com\/?p=22514"},"modified":"2025-09-28T08:58:09","modified_gmt":"2025-09-28T12:58:09","slug":"con-la-gobernacion-al-frente-zulia-celebra-el-dia-mundial-del-turismo-con-enfoque-en-la-sostenibilidad","status":"publish","type":"post","link":"https:\/\/entretormentas.com\/con-la-gobernacion-al-frente-zulia-celebra-el-dia-mundial-del-turismo-con-enfoque-en-la-sostenibilidad\/","title":{"rendered":"\u00a1CON LA GOBERNACI\u00d3N AL FRENTE! Zulia celebra el D\u00eda Mundial del Turismo con enfoque en la sostenibilidad"},"content":{"rendered":"\n<p><strong>ENTRE TORMENTAS.<\/strong> En ocasi\u00f3n del D\u00eda Mundial del Turismo 2025, el estado Zulia reafirm\u00f3 su compromiso con el desarrollo tur\u00edstico sostenible mediante la realizaci\u00f3n del conversatorio titulado \u00abPotenciando el turismo en el Zulia, aunado a la sostenibilidad\u00bb.<\/p>\n\n\n\n<p>Este evento, organizado por la Corporaci\u00f3n Zuliana de Turismo (CORZUTUR) y el Instituto Nacional de Turismo (INATUR) Zulia, tuvo lugar en la emblem\u00e1tica sede de TURISZULIA, ubicada en la hist\u00f3rica Calle Carabobo, de Maracaibo.<\/p>\n\n\n\n<p>La actividad cont\u00f3 con el respaldo del presidente Nicol\u00e1s Maduro y del gobernador del Zulia, Luis Caldera, quienes contin\u00faan trabajando para consolidar al estado como una potencia tur\u00edstica y econ\u00f3mica. En este sentido, el evento se enmarca dentro de los trece motores productivos impulsados por el Gobierno nacional, destacando el turismo como una herramienta clave para diversificar la econom\u00eda y superar la dependencia del petr\u00f3leo.<\/p>\n\n\n\n<figure class=\"wp-block-image size-large\"><img fetchpriority=\"high\" decoding=\"async\" width=\"1024\" height=\"683\" src=\"https:\/\/entretormentas.com\/wp-content\/uploads\/2025\/09\/turislc3-1024x683.jpeg\" alt=\"\" class=\"wp-image-22515\" srcset=\"https:\/\/entretormentas.com\/wp-content\/uploads\/2025\/09\/turislc3-1024x683.jpeg 1024w, https:\/\/entretormentas.com\/wp-content\/uploads\/2025\/09\/turislc3-300x200.jpeg 300w, https:\/\/entretormentas.com\/wp-content\/uploads\/2025\/09\/turislc3-768x512.jpeg 768w, https:\/\/entretormentas.com\/wp-content\/uploads\/2025\/09\/turislc3.jpeg 1080w\" sizes=\"(max-width: 1024px) 100vw, 1024px\" \/><\/figure>\n\n\n\n<p>El conversatorio cont\u00f3 con la presencia del secretario de Desarrollo Econ\u00f3mico y Comercio Exterior, Mario Isea, y reuni\u00f3 a representantes de organismos tur\u00edsticos a nivel nacional, regional, municipal y local, as\u00ed como a destacados ponentes en el \u00e1rea, entre ellos Yaneth Ocando, Lermith Torres, Orlando Carmona, Jos\u00e9 Mart\u00ednez, Andry Jons, Alejandro Gonz\u00e1lez y Luis Atencio.<\/p>\n\n\n\n<p>Cada expositor comparti\u00f3 sus experiencias y conocimientos sobre las riquezas naturales, culturales y patrimoniales que hacen del Zulia un destino \u00fanico en Venezuela.<\/p>\n\n\n\n<p>La jornada logr\u00f3 motivar a los asistentes a trabajar en conjunto para posicionar al estado como un referente tur\u00edstico nacional e internacional.<\/p>\n\n\n\n<p>La presidenta de CORZUTUR e INATUR Zulia, Irama Salazar, expres\u00f3 su agradecimiento a los ponentes y destac\u00f3 la importancia de eventos como este para fortalecer la visi\u00f3n tur\u00edstica del estado.<\/p>\n\n\n\n<p>\u00abEste tipo de iniciativas despiertan la motivaci\u00f3n y el compromiso para hacer del Zulia una potencia tur\u00edstica sostenible. Estamos trabajando unidos para consolidar este sue\u00f1o que beneficiar\u00e1 a nuestra regi\u00f3n y a sus habitantes\u00bb, afirm\u00f3.<\/p>\n\n\n\n<p>Adem\u00e1s de fomentar el turismo como fuente de ingresos y desarrollo, el evento subray\u00f3 la importancia de la sostenibilidad como eje central en las estrategias tur\u00edsticas. La riqueza natural del Zulia, sus paisajes \u00fanicos y su diversidad cultural fueron protagonistas en las discusiones, dejando claro que el estado tiene un enorme potencial para atraer visitantes de todo el mundo.<\/p>\n\n\n\n<figure class=\"wp-block-image size-large\"><img decoding=\"async\" width=\"1024\" height=\"683\" src=\"https:\/\/entretormentas.com\/wp-content\/uploads\/2025\/09\/turislc2-1024x683.jpeg\" alt=\"\" class=\"wp-image-22516\" srcset=\"https:\/\/entretormentas.com\/wp-content\/uploads\/2025\/09\/turislc2-1024x683.jpeg 1024w, https:\/\/entretormentas.com\/wp-content\/uploads\/2025\/09\/turislc2-300x200.jpeg 300w, https:\/\/entretormentas.com\/wp-content\/uploads\/2025\/09\/turislc2-768x512.jpeg 768w, https:\/\/entretormentas.com\/wp-content\/uploads\/2025\/09\/turislc2.jpeg 1080w\" sizes=\"(max-width: 1024px) 100vw, 1024px\" \/><\/figure>\n\n\n\n<p>El conversatorio marc\u00f3 un hito en la celebraci\u00f3n de la Semana del Turismo en el Zulia, consolidando alianzas entre CORZUTUR e INATUR Zulia para continuar promoviendo iniciativas que posicionan al estado como un destino atractivo y sostenible.<\/p>\n\n\n\n<p><br>Bajo el liderazgo del gobernador Luis Caldera y con el apoyo del presidente Nicol\u00e1s Maduro, el Zulia avanza hacia su meta de convertirse en una referencia tur\u00edstica que combine desarrollo econ\u00f3mico con respeto por su entorno natural y cultural.<\/p>\n\n\n\n<p>Este evento no solo resalt\u00f3 las maravillas que ofrece el Zulia, sino que tambi\u00e9n reafirm\u00f3 el compromiso de sus autoridades y ciudadanos por trabajar juntos en la construcci\u00f3n de un futuro tur\u00edstico prometedor.<br><strong><em>ET \/ Nota de Prensa<\/em><\/strong><\/p>\n\n\n\n<p><\/p>\n","protected":false},"excerpt":{"rendered":"<p>ENTRE TORMENTAS. En ocasi\u00f3n del D\u00eda Mundial del Turismo 2025, el estado Zulia reafirm\u00f3 su&#8230;<\/p>\n","protected":false},"author":2,"featured_media":22517,"comment_status":"closed","ping_status":"open","sticky":false,"template":"","format":"standard","meta":{"footnotes":""},"categories":[57,1],"tags":[],"class_list":["post-22514","post","type-post","status-publish","format-standard","has-post-thumbnail","hentry","category-actualidad","category-regionales"],"_links":{"self":[{"href":"https:\/\/entretormentas.com\/index.php?rest_route=\/wp\/v2\/posts\/22514","targetHints":{"allow":["GET"]}}],"collection":[{"href":"https:\/\/entretormentas.com\/index.php?rest_route=\/wp\/v2\/posts"}],"about":[{"href":"https:\/\/entretormentas.com\/index.php?rest_route=\/wp\/v2\/types\/post"}],"author":[{"embeddable":true,"href":"https:\/\/entretormentas.com\/index.php?rest_route=\/wp\/v2\/users\/2"}],"replies":[{"embeddable":true,"href":"https:\/\/entretormentas.com\/index.php?rest_route=%2Fwp%2Fv2%2Fcomments&post=22514"}],"version-history":[{"count":1,"href":"https:\/\/entretormentas.com\/index.php?rest_route=\/wp\/v2\/posts\/22514\/revisions"}],"predecessor-version":[{"id":22518,"href":"https:\/\/entretormentas.com\/index.php?rest_route=\/wp\/v2\/posts\/22514\/revisions\/22518"}],"wp:featuredmedia":[{"embeddable":true,"href":"https:\/\/entretormentas.com\/index.php?rest_route=\/wp\/v2\/media\/22517"}],"wp:attachment":[{"href":"https:\/\/entretormentas.com\/index.php?rest_route=%2Fwp%2Fv2%2Fmedia&parent=22514"}],"wp:term":[{"taxonomy":"category","embeddable":true,"href":"https:\/\/entretormentas.com\/index.php?rest_route=%2Fwp%2Fv2%2Fcategories&post=22514"},{"taxonomy":"post_tag","embeddable":true,"href":"https:\/\/entretormentas.com\/index.php?rest_route=%2Fwp%2Fv2%2Ftags&post=22514"}],"curies":[{"name":"wp","href":"https:\/\/api.w.org\/{rel}","templated":true}]}}