{"id":22519,"date":"2025-09-28T09:03:15","date_gmt":"2025-09-28T13:03:15","guid":{"rendered":"https:\/\/entretormentas.com\/?p=22519"},"modified":"2025-09-28T09:03:16","modified_gmt":"2025-09-28T13:03:16","slug":"en-jornada-de-salud-alcaldia-de-maracaibo-canaliza-y-hace-seguimiento-a-casos-de-hipertension-arterial","status":"publish","type":"post","link":"https:\/\/entretormentas.com\/en-jornada-de-salud-alcaldia-de-maracaibo-canaliza-y-hace-seguimiento-a-casos-de-hipertension-arterial\/","title":{"rendered":"\u00a1EN JORNADA DE SALUD! Alcald\u00eda de Maracaibo canaliza y hace seguimiento a casos de hipertensi\u00f3n arterial"},"content":{"rendered":"\n<p><strong>ENTRE TORMENTAS. <\/strong>La Alcald\u00eda de Maracaibo, a trav\u00e9s de la Direcci\u00f3n General de Salud y el Servicio Aut\u00f3nomo del Sistema Municipal de Salud Maracaibo (SAMAS), captan pacientes con patolog\u00edas de hipertensi\u00f3n para insertarlos en sus programas m\u00e9dicos.<br>As\u00ed lo inform\u00f3 Gaud\u00ed Colina, directora general de SAMAS, quien precis\u00f3 que el proceso se realiza en las Jornadas Integrales de mercados populares impulsadas por el alcalde Giancarlo Di Martino.<br>Detall\u00f3 que todos los s\u00e1bados, de manera rotativa, hay jornada en las parroquias de Maracaibo.<\/p>\n\n\n\n<p>\u201cLa idea es captar pacientes, involucrarlos e insertarlos dentro de los programas municipales para su evaluaci\u00f3n m\u00e9dica y el seguimiento de sus casos\u201d, se\u00f1al\u00f3 Colina.<\/p>\n\n\n\n<figure class=\"wp-block-image size-large\"><img fetchpriority=\"high\" decoding=\"async\" width=\"1024\" height=\"683\" src=\"https:\/\/entretormentas.com\/wp-content\/uploads\/2025\/09\/tensiondi2-1024x683.jpeg\" alt=\"\" class=\"wp-image-22520\" srcset=\"https:\/\/entretormentas.com\/wp-content\/uploads\/2025\/09\/tensiondi2-1024x683.jpeg 1024w, https:\/\/entretormentas.com\/wp-content\/uploads\/2025\/09\/tensiondi2-300x200.jpeg 300w, https:\/\/entretormentas.com\/wp-content\/uploads\/2025\/09\/tensiondi2-768x512.jpeg 768w, https:\/\/entretormentas.com\/wp-content\/uploads\/2025\/09\/tensiondi2.jpeg 1080w\" sizes=\"(max-width: 1024px) 100vw, 1024px\" \/><\/figure>\n\n\n\n<p><strong>PATOLOG\u00cdAS COMUNES<\/strong><br>Durante estas actividades, la patolog\u00eda m\u00e1s com\u00fan detectada es la hipertensi\u00f3n arterial. Los pacientes que presentan crisis hipertensivas, especialmente los adultos mayores, son incluidos en el programa cardiometab\u00f3lico para su tratamiento continuo.<\/p>\n\n\n\n<p>Refiri\u00f3 la Dra.Colina que \u00abuna vez evaluados en la jornada, los pacientes son referidos a la red de ambulatorios ubicados estrat\u00e9gicamente en la ciudad\u00bb. Los centros de salud que forman parte de esta red son: ambulatorio del Terminal de Maracaibo, que atiende la parroquia Cristo de Aranza; el m\u00f3dulo Almawin, en Luis Hurtado Higuera; el ambulatorio del Oeste, que cubre Antonio Borjas Romero y Francisco Eugenio Bustamante; y el ubicado en Plaza para Todos, que atiende Idelfonso V\u00e1zquez, Juana de \u00c1vila y Chiquinquir\u00e1.<\/p>\n\n\n\n<p><strong>SERVICIOS GRATUITOS<\/strong><br>La jornada del pasado s\u00e1bado 27 de septiembre, realizada en la avenida principal de Integraci\u00f3n Comunal, calle 115, parroquia Luis Hurtado Higuera, atendi\u00f3 a m\u00e1s de 200 personas, ofreciendo servicios gratuitos en medicina general, pediatr\u00eda, medicina interna, inmunizaci\u00f3n y odontolog\u00eda.<\/p>\n\n\n\n<p>Adem\u00e1s, la directora Colina destac\u00f3 la presencia de la cl\u00ednica m\u00f3vil con consulta odontol\u00f3gica, ex\u00e1menes de la vista, valoraci\u00f3n nutricional, examen cardiovascular infantil, despistaje de patolog\u00edas mamarias y uterinas con ecograf\u00eda diagn\u00f3stica en sitio, as\u00ed como despistaje de hipertensi\u00f3n y diabetes, y entrega de medicamentos.<\/p>\n\n\n\n<p><strong>MARCADOS POPULARES CON ENFOQUE INTEGRAL<\/strong><br>Las jornadas de salud forman parte de un evento integral que incluye tambi\u00e9n la venta de productos b\u00e1sicos a precios accesibles, cuidados personales, atenci\u00f3n veterinaria, asesor\u00eda legal y fomento al emprendimiento.<\/p>\n\n\n\n<figure class=\"wp-block-image size-large\"><img decoding=\"async\" width=\"1024\" height=\"613\" src=\"https:\/\/entretormentas.com\/wp-content\/uploads\/2025\/09\/tensiondi3-1024x613.jpeg\" alt=\"\" class=\"wp-image-22521\" srcset=\"https:\/\/entretormentas.com\/wp-content\/uploads\/2025\/09\/tensiondi3-1024x613.jpeg 1024w, https:\/\/entretormentas.com\/wp-content\/uploads\/2025\/09\/tensiondi3-300x180.jpeg 300w, https:\/\/entretormentas.com\/wp-content\/uploads\/2025\/09\/tensiondi3-768x460.jpeg 768w, https:\/\/entretormentas.com\/wp-content\/uploads\/2025\/09\/tensiondi3.jpeg 1080w\" sizes=\"(max-width: 1024px) 100vw, 1024px\" \/><\/figure>\n\n\n\n<p>Gelson Carrillo, director general de Alimentaci\u00f3n, inform\u00f3 que durante la jornada particip\u00f3 un Mercado Popular que ofreci\u00f3 productos con descuentos entre 35% y 40%. Entre los productos disponibles hubo alimentos b\u00e1sicos y prote\u00ednas como pollo, huevos, v\u00edveres, frutas, carne, pan, mortadela, salchichas, leche, pescado, caf\u00e9, condimentos, queso, verduras, hortalizas, pl\u00e1tanos y jugos.<\/p>\n\n\n\n<p><strong>ATENCI\u00d3N A MASCOTAS<\/strong><br>En cuanto a la atenci\u00f3n para las mascotas, el Instituto Municipal para la Protecci\u00f3n Animal (IMPA) brind\u00f3 consultas, desparasitaciones, vacunas antirr\u00e1bicas, corte de u\u00f1as y limpieza de o\u00eddos.<\/p>\n\n\n\n<p>Nohelia Parra, presidenta del IMPA, resalt\u00f3 la importancia de la tenencia responsable y la participaci\u00f3n en estas jornadas para mantener al d\u00eda los planes de vacunaci\u00f3n y salud animal.<br>Se report\u00f3 la atenci\u00f3n a 80 mascotas en la jornada, con un promedio de entre 120 y 130 mascotas atendidas por parroquia.<\/p>\n\n\n\n<p>Otros servicios ofrecidos durante la jornada integral incluyeron barber\u00eda, peluquer\u00eda y embellecimiento de u\u00f1as y cejas a trav\u00e9s de la Misi\u00f3n Robert Serra, as\u00ed como asesor\u00eda legal brindada por el Registro Civil.<br><strong><em>ET \/ Prensa Alcald\u00eda de Maracaibo<\/em><\/strong><\/p>\n\n\n\n<p><\/p>\n","protected":false},"excerpt":{"rendered":"<p>ENTRE TORMENTAS. La Alcald\u00eda de Maracaibo, a trav\u00e9s de la Direcci\u00f3n General de Salud y&#8230;<\/p>\n","protected":false},"author":2,"featured_media":22522,"comment_status":"closed","ping_status":"open","sticky":false,"template":"","format":"standard","meta":{"footnotes":""},"categories":[57,1],"tags":[],"class_list":["post-22519","post","type-post","status-publish","format-standard","has-post-thumbnail","hentry","category-actualidad","category-regionales"],"_links":{"self":[{"href":"https:\/\/entretormentas.com\/index.php?rest_route=\/wp\/v2\/posts\/22519","targetHints":{"allow":["GET"]}}],"collection":[{"href":"https:\/\/entretormentas.com\/index.php?rest_route=\/wp\/v2\/posts"}],"about":[{"href":"https:\/\/entretormentas.com\/index.php?rest_route=\/wp\/v2\/types\/post"}],"author":[{"embeddable":true,"href":"https:\/\/entretormentas.com\/index.php?rest_route=\/wp\/v2\/users\/2"}],"replies":[{"embeddable":true,"href":"https:\/\/entretormentas.com\/index.php?rest_route=%2Fwp%2Fv2%2Fcomments&post=22519"}],"version-history":[{"count":1,"href":"https:\/\/entretormentas.com\/index.php?rest_route=\/wp\/v2\/posts\/22519\/revisions"}],"predecessor-version":[{"id":22523,"href":"https:\/\/entretormentas.com\/index.php?rest_route=\/wp\/v2\/posts\/22519\/revisions\/22523"}],"wp:featuredmedia":[{"embeddable":true,"href":"https:\/\/entretormentas.com\/index.php?rest_route=\/wp\/v2\/media\/22522"}],"wp:attachment":[{"href":"https:\/\/entretormentas.com\/index.php?rest_route=%2Fwp%2Fv2%2Fmedia&parent=22519"}],"wp:term":[{"taxonomy":"category","embeddable":true,"href":"https:\/\/entretormentas.com\/index.php?rest_route=%2Fwp%2Fv2%2Fcategories&post=22519"},{"taxonomy":"post_tag","embeddable":true,"href":"https:\/\/entretormentas.com\/index.php?rest_route=%2Fwp%2Fv2%2Ftags&post=22519"}],"curies":[{"name":"wp","href":"https:\/\/api.w.org\/{rel}","templated":true}]}}