{"id":22524,"date":"2025-09-28T09:07:57","date_gmt":"2025-09-28T13:07:57","guid":{"rendered":"https:\/\/entretormentas.com\/?p=22524"},"modified":"2025-09-28T09:08:02","modified_gmt":"2025-09-28T13:08:02","slug":"alcaldia-surena-activa-san-francisco-se-suma-al-simulacro-nacional-de-pc-y-preparacion-del-pueblo","status":"publish","type":"post","link":"https:\/\/entretormentas.com\/alcaldia-surena-activa-san-francisco-se-suma-al-simulacro-nacional-de-pc-y-preparacion-del-pueblo\/","title":{"rendered":"\u00a1ALCALD\u00cdA SURE\u00d1A ACTIVA! San Francisco se suma al Simulacro Nacional de PC y Preparaci\u00f3n del Pueblo"},"content":{"rendered":"\n<p><strong>ENTRE TORMENTAS. <\/strong>Ante los recientes acontecimientos s\u00edsmicos registrados en la regi\u00f3n zuliana y en otras zonas del pa\u00eds, el presidente Nicol\u00e1s Maduro convoc\u00f3 al pueblo venezolano, en uni\u00f3n popular, militar y policial, a participar en el Simulacro Nacional de Protecci\u00f3n Civil y Preparaci\u00f3n ante cat\u00e1strofes naturales y conflictos armados.<\/p>\n\n\n\n<figure class=\"wp-block-image size-large\"><img fetchpriority=\"high\" decoding=\"async\" width=\"1024\" height=\"682\" src=\"https:\/\/entretormentas.com\/wp-content\/uploads\/2025\/09\/simusf2-1024x682.jpeg\" alt=\"\" class=\"wp-image-22525\" srcset=\"https:\/\/entretormentas.com\/wp-content\/uploads\/2025\/09\/simusf2-1024x682.jpeg 1024w, https:\/\/entretormentas.com\/wp-content\/uploads\/2025\/09\/simusf2-300x200.jpeg 300w, https:\/\/entretormentas.com\/wp-content\/uploads\/2025\/09\/simusf2-768x511.jpeg 768w, https:\/\/entretormentas.com\/wp-content\/uploads\/2025\/09\/simusf2.jpeg 1080w\" sizes=\"(max-width: 1024px) 100vw, 1024px\" \/><\/figure>\n\n\n\n<p>La jornada se desarroll\u00f3 en horas de la ma\u00f1ana desde el Liceo Nacional Eduardo Math\u00edas Lossada, en la parroquia San Francisco, con el objetivo de fortalecer y activar los planes de protecci\u00f3n civil en Venezuela, garantizando la preparaci\u00f3n de la ciudadan\u00eda para responder de manera organizada y efectiva ante cualquier eventualidad.<\/p>\n\n\n\n<p>El alcalde H\u00e9ctor Soto destac\u00f3 que este despliegue constituye un ejercicio integral de paz y soberan\u00eda. \u201cEste simulacro c\u00edvico, militar, policial y popular se ejecuta para consolidar la defensa de la naci\u00f3n y la tranquilidad de nuestra gente. Nuestro pueblo sigue siendo formado y organizado para estar listo ante cualquier circunstancia. Estamos convencidos de que la patria y los sanfranciscanos est\u00e1n dispuestos a la defensa de la naci\u00f3n\u201d, afirm\u00f3 Soto.<\/p>\n\n\n\n<figure class=\"wp-block-image size-large\"><img decoding=\"async\" width=\"1024\" height=\"682\" src=\"https:\/\/entretormentas.com\/wp-content\/uploads\/2025\/09\/simusf3-1024x682.jpeg\" alt=\"\" class=\"wp-image-22526\" srcset=\"https:\/\/entretormentas.com\/wp-content\/uploads\/2025\/09\/simusf3-1024x682.jpeg 1024w, https:\/\/entretormentas.com\/wp-content\/uploads\/2025\/09\/simusf3-300x200.jpeg 300w, https:\/\/entretormentas.com\/wp-content\/uploads\/2025\/09\/simusf3-768x511.jpeg 768w, https:\/\/entretormentas.com\/wp-content\/uploads\/2025\/09\/simusf3.jpeg 1080w\" sizes=\"(max-width: 1024px) 100vw, 1024px\" \/><\/figure>\n\n\n\n<p>Entre los organismos participantes destacaron Protecci\u00f3n Civil, Bomberos, Polic\u00eda Nacional Bolivariana (PNB), Polisur y la Fuerza Armada Nacional Bolivariana (FANB), tanto a nivel estatal como municipal. Asimismo, se despleg\u00f3 personal m\u00e9dico que realiz\u00f3 pr\u00e1cticas de triaje en los toldos instalados en los puntos de atenci\u00f3n, simulando escenarios de emergencia.<\/p>\n\n\n\n<p>Con estas acciones formativas, el Gobierno de San Francisco, presidido por H\u00e9ctor Soto, busca educar y preparar a la poblaci\u00f3n sobre c\u00f3mo actuar ante eventos imprevistos, fortaleciendo la cultura preventiva y garantizando la seguridad y el bienestar de todos los ciudadanos.<br><strong><em>ET \/ Prensa Alcald\u00eda de San Francisco<\/em><\/strong><\/p>\n\n\n\n<p><\/p>\n","protected":false},"excerpt":{"rendered":"<p>ENTRE TORMENTAS. Ante los recientes acontecimientos s\u00edsmicos registrados en la regi\u00f3n zuliana y en otras&#8230;<\/p>\n","protected":false},"author":2,"featured_media":22527,"comment_status":"closed","ping_status":"open","sticky":false,"template":"","format":"standard","meta":{"footnotes":""},"categories":[57,1],"tags":[],"class_list":["post-22524","post","type-post","status-publish","format-standard","has-post-thumbnail","hentry","category-actualidad","category-regionales"],"_links":{"self":[{"href":"https:\/\/entretormentas.com\/index.php?rest_route=\/wp\/v2\/posts\/22524","targetHints":{"allow":["GET"]}}],"collection":[{"href":"https:\/\/entretormentas.com\/index.php?rest_route=\/wp\/v2\/posts"}],"about":[{"href":"https:\/\/entretormentas.com\/index.php?rest_route=\/wp\/v2\/types\/post"}],"author":[{"embeddable":true,"href":"https:\/\/entretormentas.com\/index.php?rest_route=\/wp\/v2\/users\/2"}],"replies":[{"embeddable":true,"href":"https:\/\/entretormentas.com\/index.php?rest_route=%2Fwp%2Fv2%2Fcomments&post=22524"}],"version-history":[{"count":1,"href":"https:\/\/entretormentas.com\/index.php?rest_route=\/wp\/v2\/posts\/22524\/revisions"}],"predecessor-version":[{"id":22528,"href":"https:\/\/entretormentas.com\/index.php?rest_route=\/wp\/v2\/posts\/22524\/revisions\/22528"}],"wp:featuredmedia":[{"embeddable":true,"href":"https:\/\/entretormentas.com\/index.php?rest_route=\/wp\/v2\/media\/22527"}],"wp:attachment":[{"href":"https:\/\/entretormentas.com\/index.php?rest_route=%2Fwp%2Fv2%2Fmedia&parent=22524"}],"wp:term":[{"taxonomy":"category","embeddable":true,"href":"https:\/\/entretormentas.com\/index.php?rest_route=%2Fwp%2Fv2%2Fcategories&post=22524"},{"taxonomy":"post_tag","embeddable":true,"href":"https:\/\/entretormentas.com\/index.php?rest_route=%2Fwp%2Fv2%2Ftags&post=22524"}],"curies":[{"name":"wp","href":"https:\/\/api.w.org\/{rel}","templated":true}]}}