{"id":22534,"date":"2025-09-28T09:20:47","date_gmt":"2025-09-28T13:20:47","guid":{"rendered":"https:\/\/entretormentas.com\/?p=22534"},"modified":"2025-09-28T09:20:47","modified_gmt":"2025-09-28T13:20:47","slug":"accion-conjunta-union-popular-militar-policial-destaca-en-23-puntos-del-zulia-en-simulacro-de-pc","status":"publish","type":"post","link":"https:\/\/entretormentas.com\/accion-conjunta-union-popular-militar-policial-destaca-en-23-puntos-del-zulia-en-simulacro-de-pc\/","title":{"rendered":"\u00a1ACCI\u00d3N CONJUNTA! Uni\u00f3n popular-militar-policial destaca en 23 puntos del Zulia en simulacro de PC"},"content":{"rendered":"\n<p><strong>ENTRE TORMENTAS. <\/strong>El trabajo articulado y en uni\u00f3n popular-militar-policial destac\u00f3 este s\u00e1bado 27 de septiembre, en los 23 puntos dispuestos en el estado Zulia donde se desarroll\u00f3 el simulacro ante desastres y conflictos armados, convocado por el presidente Nicol\u00e1s Maduro y donde el pueblo junto a sus instituciones se organiza, entrena y crea conciencia en caso de emergencia nacional.<\/p>\n\n\n\n<p>Uno de los principales puntos en la entidad fue el establecido en la poblaci\u00f3n de Santa B\u00e1rbara, municipio Col\u00f3n, donde el Gobernador Luis Caldera, acompa\u00f1\u00f3 la jornada junto a la primera Dama Roselyn L\u00f3pez de Caldera; la alcaldesa de Col\u00f3n, Misleidys Ortigoza; el comandante Jhon Andrade de la 13 Brigada de Infanter\u00eda Motorizada y el comandante del Cuerpo de Bomberos de Col\u00f3n, Giovanny Barrios.<\/p>\n\n\n\n<figure class=\"wp-block-image size-large\"><img fetchpriority=\"high\" decoding=\"async\" width=\"1024\" height=\"576\" src=\"https:\/\/entretormentas.com\/wp-content\/uploads\/2025\/09\/lcsimu2-1024x576.jpeg\" alt=\"\" class=\"wp-image-22535\" srcset=\"https:\/\/entretormentas.com\/wp-content\/uploads\/2025\/09\/lcsimu2-1024x576.jpeg 1024w, https:\/\/entretormentas.com\/wp-content\/uploads\/2025\/09\/lcsimu2-300x169.jpeg 300w, https:\/\/entretormentas.com\/wp-content\/uploads\/2025\/09\/lcsimu2-768x432.jpeg 768w, https:\/\/entretormentas.com\/wp-content\/uploads\/2025\/09\/lcsimu2.jpeg 1144w\" sizes=\"(max-width: 1024px) 100vw, 1024px\" \/><\/figure>\n\n\n\n<p>El gobernador Caldera expres\u00f3 que el Zulia puede estar tranquilo ante cualquier ataque a la soberan\u00eda y ante cualquier evento extraordinario, donde el pueblo civil, militar, policial, bomberil se despliega para la atenci\u00f3n al herido, para la salvaguarda de las instalaciones hospitalarias, en la atenci\u00f3n alimentaria, en el aseguramiento de los galpones para las prote\u00ednas.<\/p>\n\n\n\n<p>Destac\u00f3 que el Zulia es testimonio de articulaci\u00f3n, preparaci\u00f3n ante situaciones como la vivida en la regi\u00f3n con el enjambre s\u00edsmico, gracias a que el Gobierno Nacional tiene conformado un Sistema de Gesti\u00f3n de Riesgos, con equipos, herramientas y apresto operacional. Adem\u00e1s, resalt\u00f3 la alta conciencia de solidaridad en momentos cr\u00edticos.<\/p>\n\n\n\n<figure class=\"wp-block-image size-large\"><img decoding=\"async\" width=\"1024\" height=\"576\" src=\"https:\/\/entretormentas.com\/wp-content\/uploads\/2025\/09\/lcsimu3-1024x576.jpeg\" alt=\"\" class=\"wp-image-22536\" srcset=\"https:\/\/entretormentas.com\/wp-content\/uploads\/2025\/09\/lcsimu3-1024x576.jpeg 1024w, https:\/\/entretormentas.com\/wp-content\/uploads\/2025\/09\/lcsimu3-300x169.jpeg 300w, https:\/\/entretormentas.com\/wp-content\/uploads\/2025\/09\/lcsimu3-768x432.jpeg 768w, https:\/\/entretormentas.com\/wp-content\/uploads\/2025\/09\/lcsimu3.jpeg 1080w\" sizes=\"(max-width: 1024px) 100vw, 1024px\" \/><\/figure>\n\n\n\n<p>La alcaldesa Ortigoza resalt\u00f3 la organizaci\u00f3n de las 12 comunas con las que cuenta el municipio, refiriendo que junto a la Fuerza Armada Nacional Bolivariana y el gobierno municipal trabajan para seguir garantizando la soberan\u00eda y la paz en el territorio. A\u00f1adi\u00f3 que el pueblo colon\u00e9s contin\u00faa alist\u00e1ndose en la Milicia Nacional, pues, subray\u00f3 \u201cun pueblo preparado es un pueblo indestructible\u201d.<\/p>\n\n\n\n<p>El comandante Andrade, reiter\u00f3 que, junto al pueblo, el gobierno regional y municipales, la Fanb contin\u00faa haciendo lo correcto, como lo es la defensa de la Patria y dando todo el apoyo al presidente constitucional Nicol\u00e1s Maduro. \u201cEstamos haciendo lo correcto con el con el coraz\u00f3n de venezolano, comprometido con la instituci\u00f3n y la Patria Libre y soberana\u201d, reforz\u00f3.<br><strong><em>ET \/ Nota de Prensa<\/em><\/strong><\/p>\n\n\n\n<p><\/p>\n","protected":false},"excerpt":{"rendered":"<p>ENTRE TORMENTAS. El trabajo articulado y en uni\u00f3n popular-militar-policial destac\u00f3 este s\u00e1bado 27 de septiembre,&#8230;<\/p>\n","protected":false},"author":2,"featured_media":22537,"comment_status":"closed","ping_status":"open","sticky":false,"template":"","format":"standard","meta":{"footnotes":""},"categories":[56,1],"tags":[],"class_list":["post-22534","post","type-post","status-publish","format-standard","has-post-thumbnail","hentry","category-destacadas","category-regionales"],"_links":{"self":[{"href":"https:\/\/entretormentas.com\/index.php?rest_route=\/wp\/v2\/posts\/22534","targetHints":{"allow":["GET"]}}],"collection":[{"href":"https:\/\/entretormentas.com\/index.php?rest_route=\/wp\/v2\/posts"}],"about":[{"href":"https:\/\/entretormentas.com\/index.php?rest_route=\/wp\/v2\/types\/post"}],"author":[{"embeddable":true,"href":"https:\/\/entretormentas.com\/index.php?rest_route=\/wp\/v2\/users\/2"}],"replies":[{"embeddable":true,"href":"https:\/\/entretormentas.com\/index.php?rest_route=%2Fwp%2Fv2%2Fcomments&post=22534"}],"version-history":[{"count":1,"href":"https:\/\/entretormentas.com\/index.php?rest_route=\/wp\/v2\/posts\/22534\/revisions"}],"predecessor-version":[{"id":22538,"href":"https:\/\/entretormentas.com\/index.php?rest_route=\/wp\/v2\/posts\/22534\/revisions\/22538"}],"wp:featuredmedia":[{"embeddable":true,"href":"https:\/\/entretormentas.com\/index.php?rest_route=\/wp\/v2\/media\/22537"}],"wp:attachment":[{"href":"https:\/\/entretormentas.com\/index.php?rest_route=%2Fwp%2Fv2%2Fmedia&parent=22534"}],"wp:term":[{"taxonomy":"category","embeddable":true,"href":"https:\/\/entretormentas.com\/index.php?rest_route=%2Fwp%2Fv2%2Fcategories&post=22534"},{"taxonomy":"post_tag","embeddable":true,"href":"https:\/\/entretormentas.com\/index.php?rest_route=%2Fwp%2Fv2%2Ftags&post=22534"}],"curies":[{"name":"wp","href":"https:\/\/api.w.org\/{rel}","templated":true}]}}