{"id":22542,"date":"2025-09-28T09:28:26","date_gmt":"2025-09-28T13:28:26","guid":{"rendered":"https:\/\/entretormentas.com\/?p=22542"},"modified":"2025-09-28T09:28:26","modified_gmt":"2025-09-28T13:28:26","slug":"segun-investigacion-canadiense-venezuela-en-el-puesto-165-del-indice-de-libertad-economica","status":"publish","type":"post","link":"https:\/\/entretormentas.com\/segun-investigacion-canadiense-venezuela-en-el-puesto-165-del-indice-de-libertad-economica\/","title":{"rendered":"\u00a1SEG\u00daN INVESTIGACI\u00d3N CANADIENSE! Venezuela en el puesto 165 del \u00cdndice de Libertad Econ\u00f3mica"},"content":{"rendered":"\n<p><strong>ENTRE TORMENTAS. <\/strong>El Fraser Institute de Canad\u00e1 present\u00f3 su \u00cdndice de Libertad Econ\u00f3mica, que clasifica a los pa\u00edses analizando variables asociadas a tama\u00f1o de gobierno, calidad de la moneda, libertad de comercio y marco regulatorio.<\/p>\n\n\n\n<p>Con una puntuaci\u00f3n de 3.11\/10, Venezuela se situ\u00f3 este a\u00f1o en el puesto 165 del \u00cdndice Mundial de Libertad Econ\u00f3mica (EFW, por sus siglas en ingl\u00e9s), un \u00edndice elaborado anualmente por el Fraser Institute de Canad\u00e1 con el apoyo en Venezuela del Centro de Divulgaci\u00f3n del Conocimiento Econ\u00f3mico para la Libertad (Cedice Libertad), detalla Fedec\u00e1maras Radio.<\/p>\n\n\n\n<p>Cinco componentes son examinados por el Fraser Institute para determinar la libertad econ\u00f3mica de un pa\u00eds, cada uno con varios subcomponentes y variables: moneda sana; tama\u00f1o de gobierno; sistema legal y derechos de propiedad; libertad de comercio internacional y regulaciones crediticias, laborales y de negocios.<\/p>\n\n\n\n<figure class=\"wp-block-image size-full\"><img fetchpriority=\"high\" decoding=\"async\" width=\"1000\" height=\"600\" src=\"https:\/\/entretormentas.com\/wp-content\/uploads\/2025\/09\/cobres2.jpeg\" alt=\"\" class=\"wp-image-22543\" srcset=\"https:\/\/entretormentas.com\/wp-content\/uploads\/2025\/09\/cobres2.jpeg 1000w, https:\/\/entretormentas.com\/wp-content\/uploads\/2025\/09\/cobres2-300x180.jpeg 300w, https:\/\/entretormentas.com\/wp-content\/uploads\/2025\/09\/cobres2-768x461.jpeg 768w\" sizes=\"(max-width: 1000px) 100vw, 1000px\" \/><\/figure>\n\n\n\n<p>En el caso venezolano, el estudio arroja que el desaf\u00edo m\u00e1s importante para lograr la verdadera libertad econ\u00f3mica en Venezuela est\u00e1 asociado al fortalecimiento del bol\u00edvar como moneda. Por otra parte, respecto al a\u00f1o pasado el pa\u00eds experiment\u00f3 una leve mejor\u00eda en las variables de tama\u00f1o de gobierno y respeto a los derechos de propiedad.<\/p>\n\n\n\n<p>A nivel mundial, el territorio econ\u00f3micamente m\u00e1s libre este a\u00f1o result\u00f3 Hong Kong, con una puntuaci\u00f3n de 8.35\/10, mientras que en el contexto latinoamericano la primera posici\u00f3n la obtuvo nuevamente Chile con 7.65\/10.<\/p>\n\n\n\n<p>Cabe destacar que, como cada a\u00f1o, el EFW se basa en la data obtenida con dos a\u00f1os de antelaci\u00f3n, por lo que se trata de una radiograf\u00eda de la libertad econ\u00f3mica en el mundo entre 2023 y 2025.<\/p>\n\n\n\n<p>Todas las guerras son enemigas de la libertad econ\u00f3mica<\/p>\n\n\n\n<p>Tal y como lo se\u00f1alan los autores del EFW, el objetivo del estudio es plantear la realidad \u201ctal cual es y no como quisi\u00e9ramos que fuese\u201d. En este sentido, cada edici\u00f3n intenta abordar t\u00f3picos de actualidad que pueden incidir en la libertad econ\u00f3mica en el mundo en cada momento.<\/p>\n\n\n\n<p>Las \u201cguerras\u201d en su concepto m\u00e1s amplio son el tema principal de esta \u00faltima edici\u00f3n. Los autores hacen una detallada evaluaci\u00f3n sobre el impacto de las guerras comerciales y de los conflictos armados.<\/p>\n\n\n\n<p>Aunque aparentemente diferentes, estos dos tipos de conflicto coinciden en un punto, a juicio de los autores: en ning\u00fan caso, ni los conflictos armados ni las guerras comerciales o proteccionismos son saludables para la libertad econ\u00f3mica.<\/p>\n\n\n\n<p>En el primer caso, el informe resalta que existe una relaci\u00f3n en dos sentidos entre la guerra y la econom\u00eda. \u201cLa centralizaci\u00f3n de la econom\u00eda es la militarizaci\u00f3n de la econom\u00eda. Y las planificaciones centrales militarizadas suelen dar origen a guerras con los vecinos\u201d.<\/p>\n\n\n\n<figure class=\"wp-block-image size-full\"><img decoding=\"async\" width=\"696\" height=\"375\" src=\"https:\/\/entretormentas.com\/wp-content\/uploads\/2025\/09\/cobres3.jpeg\" alt=\"\" class=\"wp-image-22544\" srcset=\"https:\/\/entretormentas.com\/wp-content\/uploads\/2025\/09\/cobres3.jpeg 696w, https:\/\/entretormentas.com\/wp-content\/uploads\/2025\/09\/cobres3-300x162.jpeg 300w\" sizes=\"(max-width: 696px) 100vw, 696px\" \/><\/figure>\n\n\n\n<p>De esta manera, los autores retoman una visi\u00f3n que ha sido abordada por importantes fil\u00f3sofos como Montesquieu y Kant en particular: que \u201cel esp\u00edritu del comercio\u201d no se lleva bien con la guerra.<\/p>\n\n\n\n<p>En cuanto a la libertad de comercio, los autores del EFW ponen la lupa sobre en caso de Estados Unidos que, a su juicio, sufrir\u00e1 las consecuencias del aumento de aranceles y dem\u00e1s barreras que se han impuesto en el pa\u00eds.<\/p>\n\n\n\n<p>\u201cTras la Segunda Guerra Mundial, Estados Unidos tuvo un papel clave impulsando a las naciones a reducir sus barreras comerciales. Pero, en d\u00e9cadas recientes, su compromiso con el libre comercio ha menguado\u201d, lamentan.<\/p>\n\n\n\n<p>Para m\u00e1s informaci\u00f3n y la data asociada al EFW puede consultarse en la p\u00e1gina web del Fraser Institute: www.fraserinstitute.org y en https:\/\/cedice.org.ve\/project-items\/indice-libertad-economica-mundo-2025\/<br><strong><em>ET \/ Agencias<\/em><\/strong><\/p>\n\n\n\n<p><\/p>\n","protected":false},"excerpt":{"rendered":"<p>ENTRE TORMENTAS. El Fraser Institute de Canad\u00e1 present\u00f3 su \u00cdndice de Libertad Econ\u00f3mica, que clasifica&#8230;<\/p>\n","protected":false},"author":2,"featured_media":22545,"comment_status":"closed","ping_status":"open","sticky":false,"template":"","format":"standard","meta":{"footnotes":""},"categories":[56,49],"tags":[],"class_list":["post-22542","post","type-post","status-publish","format-standard","has-post-thumbnail","hentry","category-destacadas","category-nacionales"],"_links":{"self":[{"href":"https:\/\/entretormentas.com\/index.php?rest_route=\/wp\/v2\/posts\/22542","targetHints":{"allow":["GET"]}}],"collection":[{"href":"https:\/\/entretormentas.com\/index.php?rest_route=\/wp\/v2\/posts"}],"about":[{"href":"https:\/\/entretormentas.com\/index.php?rest_route=\/wp\/v2\/types\/post"}],"author":[{"embeddable":true,"href":"https:\/\/entretormentas.com\/index.php?rest_route=\/wp\/v2\/users\/2"}],"replies":[{"embeddable":true,"href":"https:\/\/entretormentas.com\/index.php?rest_route=%2Fwp%2Fv2%2Fcomments&post=22542"}],"version-history":[{"count":1,"href":"https:\/\/entretormentas.com\/index.php?rest_route=\/wp\/v2\/posts\/22542\/revisions"}],"predecessor-version":[{"id":22546,"href":"https:\/\/entretormentas.com\/index.php?rest_route=\/wp\/v2\/posts\/22542\/revisions\/22546"}],"wp:featuredmedia":[{"embeddable":true,"href":"https:\/\/entretormentas.com\/index.php?rest_route=\/wp\/v2\/media\/22545"}],"wp:attachment":[{"href":"https:\/\/entretormentas.com\/index.php?rest_route=%2Fwp%2Fv2%2Fmedia&parent=22542"}],"wp:term":[{"taxonomy":"category","embeddable":true,"href":"https:\/\/entretormentas.com\/index.php?rest_route=%2Fwp%2Fv2%2Fcategories&post=22542"},{"taxonomy":"post_tag","embeddable":true,"href":"https:\/\/entretormentas.com\/index.php?rest_route=%2Fwp%2Fv2%2Ftags&post=22542"}],"curies":[{"name":"wp","href":"https:\/\/api.w.org\/{rel}","templated":true}]}}