{"id":22566,"date":"2025-09-29T04:13:04","date_gmt":"2025-09-29T08:13:04","guid":{"rendered":"https:\/\/entretormentas.com\/?p=22566"},"modified":"2025-09-29T04:14:29","modified_gmt":"2025-09-29T08:14:29","slug":"en-la-expo-mascotas-del-lago-instituto-de-proteccion-animal-promueve-la-tenencia-responsable-animal","status":"publish","type":"post","link":"https:\/\/entretormentas.com\/en-la-expo-mascotas-del-lago-instituto-de-proteccion-animal-promueve-la-tenencia-responsable-animal\/","title":{"rendered":"\u00a1EN LA EXPO MASCOTAS DEL LAGO! Instituto de Protecci\u00f3n Animal promueve la tenencia responsable animal"},"content":{"rendered":"\n<p><strong>ENTRE TORMENTAS.<\/strong> Fomentar y promover la tenencia responsable de las mascotas y su bienestar, es el compromiso del alcalde Gian Carlo Di Martino, a trav\u00e9s del Instituto Municipal de Protecci\u00f3n Animal (IMPA), quienes presentaron este programa de atenci\u00f3n en \u201cla Expo Mascotas del Lago 2025\u201d realizado en las instalaciones del Parque Vereda del Lago, durante los d\u00edas 26 y 27 de septiembre.<\/p>\n\n\n\n<p>Dicha actividad, fue propicia para el compartir familiar en espacios donde se efect\u00faan diferentes actividades para la recreaci\u00f3n de las mascotas.<\/p>\n\n\n\n<figure class=\"wp-block-image size-large\"><img fetchpriority=\"high\" decoding=\"async\" width=\"1024\" height=\"771\" src=\"https:\/\/entretormentas.com\/wp-content\/uploads\/2025\/09\/EXPOMASCOTA2-1024x771.jpeg\" alt=\"\" class=\"wp-image-22567\" srcset=\"https:\/\/entretormentas.com\/wp-content\/uploads\/2025\/09\/EXPOMASCOTA2-1024x771.jpeg 1024w, https:\/\/entretormentas.com\/wp-content\/uploads\/2025\/09\/EXPOMASCOTA2-300x226.jpeg 300w, https:\/\/entretormentas.com\/wp-content\/uploads\/2025\/09\/EXPOMASCOTA2-768x578.jpeg 768w, https:\/\/entretormentas.com\/wp-content\/uploads\/2025\/09\/EXPOMASCOTA2.jpeg 1280w\" sizes=\"(max-width: 1024px) 100vw, 1024px\" \/><\/figure>\n\n\n\n<p><strong>TENENCIA RESPONSABLE Y SOBREPOBLACI\u00d3N<\/strong><br>Nohelia Parra, presidenta del IMPA detall\u00f3 que: \u201cNuestra participaci\u00f3n en esta actividad se centra en promover la tenencia de las mascotas en nuestro municipio, as\u00ed como informar sobre la sobrepoblaci\u00f3n de felinos y dar a conocer las instalaciones ubicadas en Plaza Para Todos y los diferentes servicios que se ofrecen a la comunidad\u201d.<\/p>\n\n\n\n<p>Por otro lado, la galena acot\u00f3 que tuvo la oportunidad de informar a los asistentes sobre la jornada de esterilizaci\u00f3n masiva \u201cCastralat 2025\u201d la cual se realizar\u00e1 el s\u00e1bado 4 de octubre en las instalaciones del IMPA a partir de las 8:30 de la ma\u00f1ana, en simult\u00e1neo con m\u00e1s de 15 pa\u00edses latinoamericanos, que participar\u00e1n en esta jornada por el \u201cD\u00eda Mundial de las Mascotas\u201d.<\/p>\n\n\n\n<p>Por su parte, Mar\u00eda Torres, mam\u00e1 perruna de \u201cRocky\u00bb dijo: \u201cMe parece excelente que el IMPA participe en esta jornada.<br>La informaci\u00f3n que nos dieron es muy valiosa, especialmente sobre la esterilizaci\u00f3n y c\u00f3mo cuidar mejor a Rocky. Es genial ver que la alcald\u00eda se preocupa por nuestras mascotas\u201d precis\u00f3.<\/p>\n\n\n\n<figure class=\"wp-block-image size-large\"><img decoding=\"async\" width=\"1024\" height=\"771\" src=\"https:\/\/entretormentas.com\/wp-content\/uploads\/2025\/09\/EXPOMASCOTA3-1024x771.jpeg\" alt=\"\" class=\"wp-image-22568\" srcset=\"https:\/\/entretormentas.com\/wp-content\/uploads\/2025\/09\/EXPOMASCOTA3-1024x771.jpeg 1024w, https:\/\/entretormentas.com\/wp-content\/uploads\/2025\/09\/EXPOMASCOTA3-300x226.jpeg 300w, https:\/\/entretormentas.com\/wp-content\/uploads\/2025\/09\/EXPOMASCOTA3-768x578.jpeg 768w, https:\/\/entretormentas.com\/wp-content\/uploads\/2025\/09\/EXPOMASCOTA3.jpeg 1280w\" sizes=\"(max-width: 1024px) 100vw, 1024px\" \/><\/figure>\n\n\n\n<p>\u201cEs un evento muy bonito. Ver que los espacios de la Vereda se presten para este tipo de encuentros que incluyan a nuestras mascotas, es un avance significativos para nuestra ciudad\u201d agreg\u00f3 Betzi Montiel, mam\u00e1 perruna de \u201cAres\u201d.<\/p>\n\n\n\n<p>Es importante mencionar, que la alimentaci\u00f3n nutricional de las mascotas, vacunaci\u00f3n y consultas veterinarias, fueron un punto clave en las charlas que se brind\u00f3 a quienes se acercaron al punto del IMPA.<br><strong><em>ET \/ Prensa Alcald\u00eda de Maracaibo<\/em><\/strong><\/p>\n\n\n\n<p><\/p>\n","protected":false},"excerpt":{"rendered":"<p>ENTRE TORMENTAS. Fomentar y promover la tenencia responsable de las mascotas y su bienestar, es&#8230;<\/p>\n","protected":false},"author":2,"featured_media":22569,"comment_status":"closed","ping_status":"open","sticky":false,"template":"","format":"standard","meta":{"footnotes":""},"categories":[57,1],"tags":[],"class_list":["post-22566","post","type-post","status-publish","format-standard","has-post-thumbnail","hentry","category-actualidad","category-regionales"],"_links":{"self":[{"href":"https:\/\/entretormentas.com\/index.php?rest_route=\/wp\/v2\/posts\/22566","targetHints":{"allow":["GET"]}}],"collection":[{"href":"https:\/\/entretormentas.com\/index.php?rest_route=\/wp\/v2\/posts"}],"about":[{"href":"https:\/\/entretormentas.com\/index.php?rest_route=\/wp\/v2\/types\/post"}],"author":[{"embeddable":true,"href":"https:\/\/entretormentas.com\/index.php?rest_route=\/wp\/v2\/users\/2"}],"replies":[{"embeddable":true,"href":"https:\/\/entretormentas.com\/index.php?rest_route=%2Fwp%2Fv2%2Fcomments&post=22566"}],"version-history":[{"count":1,"href":"https:\/\/entretormentas.com\/index.php?rest_route=\/wp\/v2\/posts\/22566\/revisions"}],"predecessor-version":[{"id":22570,"href":"https:\/\/entretormentas.com\/index.php?rest_route=\/wp\/v2\/posts\/22566\/revisions\/22570"}],"wp:featuredmedia":[{"embeddable":true,"href":"https:\/\/entretormentas.com\/index.php?rest_route=\/wp\/v2\/media\/22569"}],"wp:attachment":[{"href":"https:\/\/entretormentas.com\/index.php?rest_route=%2Fwp%2Fv2%2Fmedia&parent=22566"}],"wp:term":[{"taxonomy":"category","embeddable":true,"href":"https:\/\/entretormentas.com\/index.php?rest_route=%2Fwp%2Fv2%2Fcategories&post=22566"},{"taxonomy":"post_tag","embeddable":true,"href":"https:\/\/entretormentas.com\/index.php?rest_route=%2Fwp%2Fv2%2Ftags&post=22566"}],"curies":[{"name":"wp","href":"https:\/\/api.w.org\/{rel}","templated":true}]}}