{"id":22580,"date":"2025-09-29T04:25:20","date_gmt":"2025-09-29T08:25:20","guid":{"rendered":"https:\/\/entretormentas.com\/?p=22580"},"modified":"2025-09-29T04:25:21","modified_gmt":"2025-09-29T08:25:21","slug":"domingos-activos-recreacion-y-salud-animan-a-participantes-de-la-ciclovia-en-maracaibo","status":"publish","type":"post","link":"https:\/\/entretormentas.com\/domingos-activos-recreacion-y-salud-animan-a-participantes-de-la-ciclovia-en-maracaibo\/","title":{"rendered":"\u00a1DOMINGOS ACTIVOS! Recreaci\u00f3n y salud animan a participantes de la ciclov\u00eda en Maracaibo"},"content":{"rendered":"\n<p><strong>ENTRE TORMENTAS.<\/strong> La recreaci\u00f3n y la salud se han convertido en los motores principales que impulsan la participaci\u00f3n de los marabinos en la ciclov\u00eda de la ciudad, un espacio renovado y ampliado gracias a la gesti\u00f3n de la Alcald\u00eda de Maracaibo a trav\u00e9s de la direcci\u00f3n del Alcalde Gian Carlos Di Martino.<\/p>\n\n\n\n<p>As\u00ed lo destac\u00f3 Ana Clara Barboza de Di Martino, primera dama del municipio y directora de Desarrollo Social, quien subray\u00f3 la importancia de esta iniciativa.<\/p>\n\n\n\n<p>Barboza de Di Martino destac\u00f3 que la ciclov\u00eda representa \u00abun hermoso espacio\u00bb creado para el disfrute de los ciudadanos, invitando a todos a participar en la reactivaci\u00f3n y consolidaci\u00f3n de esta tradici\u00f3n. Resalt\u00f3, adem\u00e1s, los beneficios del deporte y el despliegue de seguridad que asegura la protecci\u00f3n de los participantes.<\/p>\n\n\n\n<figure class=\"wp-block-image size-large\"><img fetchpriority=\"high\" decoding=\"async\" width=\"1024\" height=\"683\" src=\"https:\/\/entretormentas.com\/wp-content\/uploads\/2025\/09\/VIACICLO2-1024x683.jpeg\" alt=\"\" class=\"wp-image-22581\" srcset=\"https:\/\/entretormentas.com\/wp-content\/uploads\/2025\/09\/VIACICLO2-1024x683.jpeg 1024w, https:\/\/entretormentas.com\/wp-content\/uploads\/2025\/09\/VIACICLO2-300x200.jpeg 300w, https:\/\/entretormentas.com\/wp-content\/uploads\/2025\/09\/VIACICLO2-768x512.jpeg 768w, https:\/\/entretormentas.com\/wp-content\/uploads\/2025\/09\/VIACICLO2.jpeg 1080w\" sizes=\"(max-width: 1024px) 100vw, 1024px\" \/><\/figure>\n\n\n\n<p>\u201cEste es un esfuerzo que la Alcald\u00eda de Maracaibo ha venido construyendo para todos los maracaiberos y maracaiberas, y ahora buscamos que se convierta en una actividad habitual cada domingo\u201d, se\u00f1al\u00f3 con entusiasmo.<\/p>\n\n\n\n<p>La primera dama se mostr\u00f3 especialmente contenta por haber participado personalmente en las actividades f\u00edsicas, subrayando que la iniciativa, manten\u00eda de manera itinerante, el objetivo es establecerla como un evento fijo cada domingo.<\/p>\n\n\n\n<p><strong>ACTIVIDADES F\u00cdSICAS RECREATIVAS<\/strong><br>La ciclov\u00eda ofrece un espacio perfecto para la recreaci\u00f3n y la convivencia social, abierto desde las 6:00 de la ma\u00f1ana e incluyen bailoterapia, Fit Combat y otros ejercicios, organizados frente a la entrada norte del Parque Vereda del Lago.<\/p>\n\n\n\n<p>Marnic G\u00e1mez, presidente del Instituto Municipal de Deporte y Recreaci\u00f3n (IMDEPREC), inform\u00f3 que esta es la segunda semana consecutiva con actividades f\u00edsicas en la ciclov\u00eda, es un tramo de casi 7 kil\u00f3metros en cual participaron m\u00e1s de mil personas activamente involucradas, y se espera que \u201cesa cifra siga aumentando\u201d.<\/p>\n\n\n\n<p>Adem\u00e1s, destac\u00f3 la colaboraci\u00f3n de varios teams que animan las actividades, entre ellos Bailando con Franklin, Bailando con Rina, Yosi Dance, Bailando con Ingrid, Team Victoria y Vida Fitness, grupos que hacen vida en la ciudad y que acompa\u00f1an al p\u00fablico en las sesiones recreativas organizadas por la Alcald\u00eda.<\/p>\n\n\n\n<p><strong>COMPROMISO CON LA SALUD Y SEGURIDAD<\/strong><br>Para garantizar que la jornada se desarrolle de manera segura y eficiente, cuenta con un amplio despliegue de funcionarios de seguridad y ambulancias.<\/p>\n\n\n\n<p>El Servicio Aut\u00f3nomo de Salud Maracaibo (SAMAS), bajo la direcci\u00f3n de Gaud\u00ed Colina, tiene un personal para atender cualquier eventualidad.<\/p>\n\n\n\n<figure class=\"wp-block-image size-large\"><img decoding=\"async\" width=\"1024\" height=\"682\" src=\"https:\/\/entretormentas.com\/wp-content\/uploads\/2025\/09\/VIACICLO3-1024x682.jpeg\" alt=\"\" class=\"wp-image-22582\" srcset=\"https:\/\/entretormentas.com\/wp-content\/uploads\/2025\/09\/VIACICLO3-1024x682.jpeg 1024w, https:\/\/entretormentas.com\/wp-content\/uploads\/2025\/09\/VIACICLO3-300x200.jpeg 300w, https:\/\/entretormentas.com\/wp-content\/uploads\/2025\/09\/VIACICLO3-768x511.jpeg 768w, https:\/\/entretormentas.com\/wp-content\/uploads\/2025\/09\/VIACICLO3.jpeg 1080w\" sizes=\"(max-width: 1024px) 100vw, 1024px\" \/><\/figure>\n\n\n\n<p>La directora de SAMAS explic\u00f3 que se han dispuesto m\u00e9dicos y cl\u00ednicas m\u00f3viles para atender a los participantes, adem\u00e1s de una ambulancia lista para traslados si fuera necesario. Sin embargo, los primeros auxilios se prestan directamente en el sitio, asegurando que los participantes puedan disfrutar de las actividades con total tranquilidad.<\/p>\n\n\n\n<p>\u201cDesde SAMAS estamos comprometidos con la seguridad y bienestar de los marabinos, y por eso hemos dispuesto todo un equipo de profesionales para cubrir cualquier necesidad de salud que pueda surgir durante las actividades f\u00edsicas\u201d, coment\u00f3 Gaud\u00ed Colina.<\/p>\n\n\n\n<p>Yeli Josua, residente de la parroquia Olegario Villalobos, relat\u00f3 que comenz\u00f3 a practicar bailoterapia en el a\u00f1o 2010 por recomendaci\u00f3n de su m\u00e9dico y ha tenido resultados efectivos en su salud.<\/p>\n\n\n\n<p>Josua calific\u00f3 como \u00abmagn\u00edfico\u00bb que la Alcald\u00eda de Maracaibo haya dispuesto este espacio, ya que lo considera un \u00abd\u00eda adicional\u00bb para la actividad f\u00edsica, \u201cEsta es una iniciativa muy positiva, espero que la sigan realizando\u201d.<br><strong><em>ET \/ Prensa Alcald\u00eda de Maracaibo<\/em><\/strong><\/p>\n\n\n\n<p><\/p>\n","protected":false},"excerpt":{"rendered":"<p>ENTRE TORMENTAS. La recreaci\u00f3n y la salud se han convertido en los motores principales que&#8230;<\/p>\n","protected":false},"author":2,"featured_media":22583,"comment_status":"closed","ping_status":"open","sticky":false,"template":"","format":"standard","meta":{"footnotes":""},"categories":[57,1],"tags":[],"class_list":["post-22580","post","type-post","status-publish","format-standard","has-post-thumbnail","hentry","category-actualidad","category-regionales"],"_links":{"self":[{"href":"https:\/\/entretormentas.com\/index.php?rest_route=\/wp\/v2\/posts\/22580","targetHints":{"allow":["GET"]}}],"collection":[{"href":"https:\/\/entretormentas.com\/index.php?rest_route=\/wp\/v2\/posts"}],"about":[{"href":"https:\/\/entretormentas.com\/index.php?rest_route=\/wp\/v2\/types\/post"}],"author":[{"embeddable":true,"href":"https:\/\/entretormentas.com\/index.php?rest_route=\/wp\/v2\/users\/2"}],"replies":[{"embeddable":true,"href":"https:\/\/entretormentas.com\/index.php?rest_route=%2Fwp%2Fv2%2Fcomments&post=22580"}],"version-history":[{"count":1,"href":"https:\/\/entretormentas.com\/index.php?rest_route=\/wp\/v2\/posts\/22580\/revisions"}],"predecessor-version":[{"id":22584,"href":"https:\/\/entretormentas.com\/index.php?rest_route=\/wp\/v2\/posts\/22580\/revisions\/22584"}],"wp:featuredmedia":[{"embeddable":true,"href":"https:\/\/entretormentas.com\/index.php?rest_route=\/wp\/v2\/media\/22583"}],"wp:attachment":[{"href":"https:\/\/entretormentas.com\/index.php?rest_route=%2Fwp%2Fv2%2Fmedia&parent=22580"}],"wp:term":[{"taxonomy":"category","embeddable":true,"href":"https:\/\/entretormentas.com\/index.php?rest_route=%2Fwp%2Fv2%2Fcategories&post=22580"},{"taxonomy":"post_tag","embeddable":true,"href":"https:\/\/entretormentas.com\/index.php?rest_route=%2Fwp%2Fv2%2Ftags&post=22580"}],"curies":[{"name":"wp","href":"https:\/\/api.w.org\/{rel}","templated":true}]}}