{"id":22585,"date":"2025-09-29T04:27:34","date_gmt":"2025-09-29T08:27:34","guid":{"rendered":"https:\/\/entretormentas.com\/?p=22585"},"modified":"2025-09-29T04:27:35","modified_gmt":"2025-09-29T08:27:35","slug":"hector-rodriguez-en-las-escuelas-se-conformaran-comites-de-riesgo-ante-cualquier-evento-natural","status":"publish","type":"post","link":"https:\/\/entretormentas.com\/hector-rodriguez-en-las-escuelas-se-conformaran-comites-de-riesgo-ante-cualquier-evento-natural\/","title":{"rendered":"H\u00c9CTOR RODR\u00cdGUEZ: \u00abEn las escuelas se conformar\u00e1n comit\u00e9s de riesgo ante cualquier evento natural\u00bb"},"content":{"rendered":"\n<p><strong>ENTRE TORMENTAS. <\/strong>El ministro de Educaci\u00f3n, H\u00e9ctor Rodr\u00edguez, anunci\u00f3 este fin de semana que todos los centros educativos del pa\u00eds deben conformar comit\u00e9s de riesgo a fin de que ayuden a la preparaci\u00f3n de las comunidades para afrontar los eventos naturales que se presenten.<\/p>\n\n\n\n<p>Rodr\u00edguez resalt\u00f3 que estos comit\u00e9s deben desarrollar un protocolo para resguardar vidas, un mapa de riesgo de acuerdo con el entorno donde se encuentran y una serie de puntos a cumplir en emergencias.<\/p>\n\n\n\n<p>\u201cVamos a organizar estos equipos, preparemos el mapa de riesgo y organicemos una agenda de disminuci\u00f3n de esos riesgos sabiendo cu\u00e1les son cada uno de ellos y as\u00ed aminorarlos\u201d, dijo.<\/p>\n\n\n\n<p>Rodr\u00edguez dijo que esta agenda estar\u00e1 dentro de las actividades acad\u00e9micas y que se actuar\u00e1 en dos casos: Uno de ellos donde se informar\u00e1 previamente de que se llevar\u00e1 a cabo un simulacro y otro de forma imprevista, ya que \u00ablas emergencias no avisan\u00bb.<\/p>\n\n\n\n<p>\u201cEl 80% de la poblaci\u00f3n en Venezuela est\u00e1 en zona s\u00edsmica y debemos prepararnos para eso, para saber qu\u00e9 hacer ante un incendio, una inundaci\u00f3n o un terremoto y mientras m\u00e1s organizados estemos y sepamos qu\u00e9 hacer, ser\u00e1 mejor la soluci\u00f3n ante el momento\u201d, agreg\u00f3.<br><strong><em>ET \/ Uni\u00f3n Radio<\/em><\/strong><\/p>\n","protected":false},"excerpt":{"rendered":"<p>ENTRE TORMENTAS. El ministro de Educaci\u00f3n, H\u00e9ctor Rodr\u00edguez, anunci\u00f3 este fin de semana que todos&#8230;<\/p>\n","protected":false},"author":2,"featured_media":22586,"comment_status":"closed","ping_status":"open","sticky":false,"template":"","format":"standard","meta":{"footnotes":""},"categories":[56,49],"tags":[],"class_list":["post-22585","post","type-post","status-publish","format-standard","has-post-thumbnail","hentry","category-destacadas","category-nacionales"],"_links":{"self":[{"href":"https:\/\/entretormentas.com\/index.php?rest_route=\/wp\/v2\/posts\/22585","targetHints":{"allow":["GET"]}}],"collection":[{"href":"https:\/\/entretormentas.com\/index.php?rest_route=\/wp\/v2\/posts"}],"about":[{"href":"https:\/\/entretormentas.com\/index.php?rest_route=\/wp\/v2\/types\/post"}],"author":[{"embeddable":true,"href":"https:\/\/entretormentas.com\/index.php?rest_route=\/wp\/v2\/users\/2"}],"replies":[{"embeddable":true,"href":"https:\/\/entretormentas.com\/index.php?rest_route=%2Fwp%2Fv2%2Fcomments&post=22585"}],"version-history":[{"count":1,"href":"https:\/\/entretormentas.com\/index.php?rest_route=\/wp\/v2\/posts\/22585\/revisions"}],"predecessor-version":[{"id":22587,"href":"https:\/\/entretormentas.com\/index.php?rest_route=\/wp\/v2\/posts\/22585\/revisions\/22587"}],"wp:featuredmedia":[{"embeddable":true,"href":"https:\/\/entretormentas.com\/index.php?rest_route=\/wp\/v2\/media\/22586"}],"wp:attachment":[{"href":"https:\/\/entretormentas.com\/index.php?rest_route=%2Fwp%2Fv2%2Fmedia&parent=22585"}],"wp:term":[{"taxonomy":"category","embeddable":true,"href":"https:\/\/entretormentas.com\/index.php?rest_route=%2Fwp%2Fv2%2Fcategories&post=22585"},{"taxonomy":"post_tag","embeddable":true,"href":"https:\/\/entretormentas.com\/index.php?rest_route=%2Fwp%2Fv2%2Ftags&post=22585"}],"curies":[{"name":"wp","href":"https:\/\/api.w.org\/{rel}","templated":true}]}}