{"id":22588,"date":"2025-09-29T04:30:32","date_gmt":"2025-09-29T08:30:32","guid":{"rendered":"https:\/\/entretormentas.com\/?p=22588"},"modified":"2025-09-29T04:30:33","modified_gmt":"2025-09-29T08:30:33","slug":"preocupante-jose-guerra-senala-que-el-dolar-sufrio-agresiva-depreciacion-de-370-en-un-ano","status":"publish","type":"post","link":"https:\/\/entretormentas.com\/preocupante-jose-guerra-senala-que-el-dolar-sufrio-agresiva-depreciacion-de-370-en-un-ano\/","title":{"rendered":"\u00a1PREOCUPANTE! Jos\u00e9 Guerra se\u00f1ala que el d\u00f3lar sufri\u00f3 \u201cagresiva depreciaci\u00f3n\u201d de 370 % en un a\u00f1o"},"content":{"rendered":"\n<p><strong>ENTRE TORMENTAS.<\/strong> Jos\u00e9 Guerra, economista y exdirector del Banco Central de Venezuela (BCV), afirm\u00f3 este viernes 26 de septiembre que el bol\u00edvar sufri\u00f3 una \u201cagresiva depreciaci\u00f3n\u201d de 370 % en tan solo un a\u00f1o, \u201cprovocada\u201d por el ente emisor y la crisis pol\u00edtica que atraviesa el pa\u00eds, seg\u00fan dijo.<\/p>\n\n\n\n<p>Guerra, en un video posteado en Instagram, indic\u00f3 que el BCV mantiene una insuficiente oferta de d\u00f3lares, lo que incide en la tasa de cambio. Solo este a\u00f1o, indic\u00f3, el bol\u00edvar se depreci\u00f3 68 %.<\/p>\n\n\n\n<p>Para el 26 de septiembre de 2024, el Banco Central cotizaba 36,85 bol\u00edvares por d\u00f3lar. Esa tasa se ubica este a\u00f1o a Bs 173,77 por divisa estadounidense.<\/p>\n\n\n\n<p>\u201cEl Banco Central no est\u00e1 subastando d\u00f3lares sino a cantidades limitadas y para ciertos bienes\u201d, explic\u00f3 el exdiputado, al tiempo que indic\u00f3 que, debido a las sanciones que afectan la actividad petrolera, la administraci\u00f3n de Nicol\u00e1s Maduro opt\u00f3 por recibir los pagos que percibe Pdvsa en criptoactivos, uno de ellos el d\u00f3lar t\u00e9ter (USDT).<\/p>\n\n\n\n<p>Guerra indic\u00f3 que ese USDT se est\u00e1 asignando al Banco de Venezuela, que llama a algunas subastas de car\u00e1cter privado donde impone \u201cun piso\u201d.<\/p>\n\n\n\n<p>Tras la puja, de all\u00ed \u201cresulta un precio del d\u00f3lar que, tras esas subastas, est\u00e1 acerc\u00e1ndose a 290 o 300 bol\u00edvares por d\u00f3lar. Es decir, ha sido el propio Banco Central el que ha inducido esta depreciaci\u00f3n de la moneda\u201d.<\/p>\n\n\n\n<p>El economista dijo que observa \u201cuna brutal y significativa ca\u00edda en la demanda de dinero. El hecho de que se est\u00e9 pagando en bol\u00edvares no significa que haya aumentado la demanda en bol\u00edvares\u201d.<\/p>\n\n\n\n<p>Asimismo, destac\u00f3 que los ciudadanos no desean tener bol\u00edvares debido a la elevada inflaci\u00f3n originada en la devaluaci\u00f3n, mientras que los comerciantes se enfrentan al problema del d\u00f3lar paralelo, que los afecta seriamente al igual que al p\u00fablico en general.<\/p>\n\n\n\n<figure class=\"wp-block-image size-full\"><img fetchpriority=\"high\" decoding=\"async\" width=\"800\" height=\"500\" src=\"https:\/\/entretormentas.com\/wp-content\/uploads\/2025\/09\/GUERRA2.jpeg\" alt=\"\" class=\"wp-image-22589\" srcset=\"https:\/\/entretormentas.com\/wp-content\/uploads\/2025\/09\/GUERRA2.jpeg 800w, https:\/\/entretormentas.com\/wp-content\/uploads\/2025\/09\/GUERRA2-300x188.jpeg 300w, https:\/\/entretormentas.com\/wp-content\/uploads\/2025\/09\/GUERRA2-768x480.jpeg 768w, https:\/\/entretormentas.com\/wp-content\/uploads\/2025\/09\/GUERRA2-400x250.jpeg 400w\" sizes=\"(max-width: 800px) 100vw, 800px\" \/><\/figure>\n\n\n\n<p>\u201cLa econom\u00eda est\u00e1 viendo un colapso del bol\u00edvar que se est\u00e1 expresando en una aceleraci\u00f3n muy pronunciada de la inflaci\u00f3n, que no es hiperinflaci\u00f3n, pero se est\u00e1 acercando al 350% anual, una cifra que nos pone al borde de una situaci\u00f3n que ya vivimos en 2017 y 2018\u201d, afirm\u00f3 el especialista.<\/p>\n\n\n\n<p>Para el exdirector del BCV, el bol\u00edvar perdi\u00f3 sus caracter\u00edsticas principales como moneda, pues ya no es tomando como unidad de cuenta para los precios nominales, pues los precios se fijan en d\u00f3lares, y tampoco cuenta como reserva de valor.<\/p>\n\n\n\n<p>Guerra indic\u00f3 que no hay una soluci\u00f3n econ\u00f3mica estrictamente, pues se necesita resolver el problema pol\u00edtico.<\/p>\n\n\n\n<p>Record\u00f3 que el financiamiento externo est\u00e1 cerrado, la l\u00ednea de cr\u00e9dito en la banca mundial \u201cno existe\u201d, al igual que hay 5.000 millones de d\u00f3lares congelados en el Fondo Monetario Internacional que no se pueden usar por las restrictivas pol\u00edticas de Maduro.<\/p>\n\n\n\n<p>\u201cSi no se resuelve el problema pol\u00edtico de una manera constitucional, apelando a un acuerdo pol\u00edtico, no habr\u00e1 soluci\u00f3n porque el problema de fondo es la falta de confianza derivada de lo que sucedi\u00f3 el d\u00eda 28 de julio de 2024 que es cuando se empieza a ver con profundidad la tendencia de la devaluaci\u00f3n de la moneda\u201d, sentenci\u00f3.<br><strong><em>ET \/ Tal Cual<\/em><\/strong><\/p>\n\n\n\n<p><\/p>\n","protected":false},"excerpt":{"rendered":"<p>ENTRE TORMENTAS. Jos\u00e9 Guerra, economista y exdirector del Banco Central de Venezuela (BCV), afirm\u00f3 este&#8230;<\/p>\n","protected":false},"author":2,"featured_media":22590,"comment_status":"closed","ping_status":"open","sticky":false,"template":"","format":"standard","meta":{"footnotes":""},"categories":[56,49],"tags":[],"class_list":["post-22588","post","type-post","status-publish","format-standard","has-post-thumbnail","hentry","category-destacadas","category-nacionales"],"_links":{"self":[{"href":"https:\/\/entretormentas.com\/index.php?rest_route=\/wp\/v2\/posts\/22588","targetHints":{"allow":["GET"]}}],"collection":[{"href":"https:\/\/entretormentas.com\/index.php?rest_route=\/wp\/v2\/posts"}],"about":[{"href":"https:\/\/entretormentas.com\/index.php?rest_route=\/wp\/v2\/types\/post"}],"author":[{"embeddable":true,"href":"https:\/\/entretormentas.com\/index.php?rest_route=\/wp\/v2\/users\/2"}],"replies":[{"embeddable":true,"href":"https:\/\/entretormentas.com\/index.php?rest_route=%2Fwp%2Fv2%2Fcomments&post=22588"}],"version-history":[{"count":1,"href":"https:\/\/entretormentas.com\/index.php?rest_route=\/wp\/v2\/posts\/22588\/revisions"}],"predecessor-version":[{"id":22591,"href":"https:\/\/entretormentas.com\/index.php?rest_route=\/wp\/v2\/posts\/22588\/revisions\/22591"}],"wp:featuredmedia":[{"embeddable":true,"href":"https:\/\/entretormentas.com\/index.php?rest_route=\/wp\/v2\/media\/22590"}],"wp:attachment":[{"href":"https:\/\/entretormentas.com\/index.php?rest_route=%2Fwp%2Fv2%2Fmedia&parent=22588"}],"wp:term":[{"taxonomy":"category","embeddable":true,"href":"https:\/\/entretormentas.com\/index.php?rest_route=%2Fwp%2Fv2%2Fcategories&post=22588"},{"taxonomy":"post_tag","embeddable":true,"href":"https:\/\/entretormentas.com\/index.php?rest_route=%2Fwp%2Fv2%2Ftags&post=22588"}],"curies":[{"name":"wp","href":"https:\/\/api.w.org\/{rel}","templated":true}]}}