{"id":22604,"date":"2025-09-30T04:14:53","date_gmt":"2025-09-30T08:14:53","guid":{"rendered":"https:\/\/entretormentas.com\/?p=22604"},"modified":"2025-09-30T04:14:54","modified_gmt":"2025-09-30T08:14:54","slug":"aprobados-en-consulta-popular-85-jovenes-comuneros-reciben-microfinanciamientos-para-sus-proyectos","status":"publish","type":"post","link":"https:\/\/entretormentas.com\/aprobados-en-consulta-popular-85-jovenes-comuneros-reciben-microfinanciamientos-para-sus-proyectos\/","title":{"rendered":"\u00a1APROBADOS EN CONSULTA POPULAR! 85 j\u00f3venes comuneros reciben microfinanciamientos para sus proyectos"},"content":{"rendered":"\n<p><strong>ENTRE TORMENTAS. <\/strong>Un total de 85 j\u00f3venes comuneros recibieron la dotaci\u00f3n de insumos y equipos correspondiente para ejecutar los emprendimientos del proyecto ganador en la comuna \u00abEl Sue\u00f1o Socialista del Gigante\u00bb, como resultado de la Primera Consulta Popular Nacional de la Juventud, en la parroquia Cecilio Acosta del municipio Maracaibo.<\/p>\n\n\n\n<p>La entrega se realiz\u00f3 en la cancha Mar\u00eda Nicomedes con la presencia de todos los comuneros, la participaci\u00f3n de Beise Petit, directora general para la Promoci\u00f3n y el Desarrollo del Poder Comunal de la Alcald\u00eda de Maracaibo; de Juan Urdaneta, director Desarrollo Econ\u00f3mico de la Alcald\u00eda; H\u00e9ctor M\u00e1rquez, director de Talento Humano de la Alcald\u00eda, y Rafael Guti\u00e9rrez, presidente del Instituto Municipal de la Juventud de la Alcald\u00eda.<\/p>\n\n\n\n<p>Beise Petit detall\u00f3 que \u00abeste programa est\u00e1 respaldado por las pol\u00edticas del presidente Nicol\u00e1s Maduro, el gobernador Luis Caldera y el alcalde Giancarlo Di Martino\u00bb.<\/p>\n\n\n\n<p><strong>FOMENTAR EL DESARROLLO ECON\u00d3MICO<\/strong><br>En esta oportunidad se otorgaron microfinanciamiento a 85 j\u00f3venes emprendedores con el objetivo de fomentar el desarrollo econ\u00f3mico y el empoderamiento de las comunidades.<\/p>\n\n\n\n<p>\u201cEl proyecto ganador, luego de la postulaci\u00f3n realizada el 27 de julio, fue el microfinanciamiento para j\u00f3venes emprendedores, permitiendo que todas las comunas y circuitos comunales pudieran participar\u00bb, indic\u00f3 Petit.<\/p>\n\n\n\n<figure class=\"wp-block-image size-large\"><img fetchpriority=\"high\" decoding=\"async\" width=\"1024\" height=\"646\" src=\"https:\/\/entretormentas.com\/wp-content\/uploads\/2025\/09\/COMUNEROS2-1024x646.jpeg\" alt=\"\" class=\"wp-image-22605\" srcset=\"https:\/\/entretormentas.com\/wp-content\/uploads\/2025\/09\/COMUNEROS2-1024x646.jpeg 1024w, https:\/\/entretormentas.com\/wp-content\/uploads\/2025\/09\/COMUNEROS2-300x189.jpeg 300w, https:\/\/entretormentas.com\/wp-content\/uploads\/2025\/09\/COMUNEROS2-768x484.jpeg 768w, https:\/\/entretormentas.com\/wp-content\/uploads\/2025\/09\/COMUNEROS2-540x340.jpeg 540w, https:\/\/entretormentas.com\/wp-content\/uploads\/2025\/09\/COMUNEROS2.jpeg 1080w\" sizes=\"(max-width: 1024px) 100vw, 1024px\" \/><\/figure>\n\n\n\n<p>Los proyectos financiados abarcaron diversas \u00e1reas productivas, como barber\u00eda, pasteler\u00eda, panader\u00eda, refrigeraci\u00f3n y charcuter\u00eda, con la finalidad de fortalecer el motor productivo de la comunidad.<\/p>\n\n\n\n<p><strong>IMPULSO A LA PRODUCCI\u00d3N NACIONAL<\/strong><br>\u201cHoy vemos con orgullo c\u00f3mo la juventud se apodera de estos espacios comunitarios. Nos complace ver a los j\u00f3venes apostando por un futuro mejor, llenos de energ\u00eda y decididos a salir adelante desde sus espacios\u201d, expres\u00f3 Petit.<\/p>\n\n\n\n<p>La comuna \u00abEl Sue\u00f1o Socialista del Gigante\u00bb est\u00e1 ubicada en la parroquia Cecilio Acosta, espec\u00edficamente en la Urbanizaci\u00f3n La Paz y es la \u00fanica registrada en dicha parroquia.<\/p>\n\n\n\n<p>La iniciativa busca que los j\u00f3venes tomen la delantera en la transformaci\u00f3n de su comunidad y promuevan el desarrollo econ\u00f3mico local.<br>\u201cLos beneficiarios iniciar\u00e1n sus proyectos para fomentar el emprendimiento, dentro del territorio, especialmente entre los j\u00f3venes de la comuna. Adem\u00e1s, estas iniciativas no solo fortalecer\u00e1n la econom\u00eda local, sino que consolidar\u00e1n el compromiso productivo de la comunidad, pues los emprendedores pondr\u00e1n a disposici\u00f3n sus proyectos para el crecimiento econ\u00f3mico del \u00e1rea\u201d, concluy\u00f3 Petit.<br><strong><em>ET \/ Prensa Alcald\u00eda de Maracaibo<\/em><\/strong><\/p>\n","protected":false},"excerpt":{"rendered":"<p>ENTRE TORMENTAS. Un total de 85 j\u00f3venes comuneros recibieron la dotaci\u00f3n de insumos y equipos&#8230;<\/p>\n","protected":false},"author":2,"featured_media":22606,"comment_status":"closed","ping_status":"open","sticky":false,"template":"","format":"standard","meta":{"footnotes":""},"categories":[57,1],"tags":[],"class_list":["post-22604","post","type-post","status-publish","format-standard","has-post-thumbnail","hentry","category-actualidad","category-regionales"],"_links":{"self":[{"href":"https:\/\/entretormentas.com\/index.php?rest_route=\/wp\/v2\/posts\/22604","targetHints":{"allow":["GET"]}}],"collection":[{"href":"https:\/\/entretormentas.com\/index.php?rest_route=\/wp\/v2\/posts"}],"about":[{"href":"https:\/\/entretormentas.com\/index.php?rest_route=\/wp\/v2\/types\/post"}],"author":[{"embeddable":true,"href":"https:\/\/entretormentas.com\/index.php?rest_route=\/wp\/v2\/users\/2"}],"replies":[{"embeddable":true,"href":"https:\/\/entretormentas.com\/index.php?rest_route=%2Fwp%2Fv2%2Fcomments&post=22604"}],"version-history":[{"count":1,"href":"https:\/\/entretormentas.com\/index.php?rest_route=\/wp\/v2\/posts\/22604\/revisions"}],"predecessor-version":[{"id":22607,"href":"https:\/\/entretormentas.com\/index.php?rest_route=\/wp\/v2\/posts\/22604\/revisions\/22607"}],"wp:featuredmedia":[{"embeddable":true,"href":"https:\/\/entretormentas.com\/index.php?rest_route=\/wp\/v2\/media\/22606"}],"wp:attachment":[{"href":"https:\/\/entretormentas.com\/index.php?rest_route=%2Fwp%2Fv2%2Fmedia&parent=22604"}],"wp:term":[{"taxonomy":"category","embeddable":true,"href":"https:\/\/entretormentas.com\/index.php?rest_route=%2Fwp%2Fv2%2Fcategories&post=22604"},{"taxonomy":"post_tag","embeddable":true,"href":"https:\/\/entretormentas.com\/index.php?rest_route=%2Fwp%2Fv2%2Ftags&post=22604"}],"curies":[{"name":"wp","href":"https:\/\/api.w.org\/{rel}","templated":true}]}}