{"id":22609,"date":"2025-09-30T04:18:01","date_gmt":"2025-09-30T08:18:01","guid":{"rendered":"https:\/\/entretormentas.com\/?p=22609"},"modified":"2025-09-30T04:18:02","modified_gmt":"2025-09-30T08:18:02","slug":"los-fines-de-semana-san-francisco-continua-deleitandose-con-sus-tardes-culturales","status":"publish","type":"post","link":"https:\/\/entretormentas.com\/los-fines-de-semana-san-francisco-continua-deleitandose-con-sus-tardes-culturales\/","title":{"rendered":"\u00a1LOS FINES DE SEMANA! San Francisco contin\u00faa deleit\u00e1ndose con sus Tardes Culturales"},"content":{"rendered":"\n<p><strong>ENTRE TORMENTAS.<\/strong> La m\u00fasica, la danza y el teatro se reunieron este fin de semana en la Concha Ac\u00fastica de la Plaza de la Revoluci\u00f3n de San Francisco, para brindar tres buenos espect\u00e1culos para toda la familia.<\/p>\n\n\n\n<p>Con la organizaci\u00f3n del Instituto P\u00fablico Municipal de la Cultura Juan de Dios Mart\u00ednez y enmarcado en el programa Tardes Culturales, reimpulsado por el Alcalde Bolivariano de San Francisco, H\u00e9ctor Soto, el pasado viernes se llev\u00f3 a cabo la Noche del Bolero, donde se le rindi\u00f3 homenaje al Bolerista de Am\u00e9rica, Felipe Pirela, adem\u00e1s de la participaci\u00f3n de invitados especiales que deleitaron al p\u00fablico con las m\u00e1s ic\u00f3nicas canciones de este int\u00e9rprete zuliano, acompa\u00f1ados por la Big Band San Francisco.<\/p>\n\n\n\n<p>El s\u00e1bado, la cultural comunal se dio cita en la Plaza de la Revoluci\u00f3n y en la galer\u00eda Kamala para mostrar las creaciones de artistas del municipio, entre los que destacan Mirtha Colina, Adelso Mor\u00e1n y \u00c1ngel Fuenmayor.<\/p>\n\n\n\n<figure class=\"wp-block-image size-large\"><img fetchpriority=\"high\" decoding=\"async\" width=\"1024\" height=\"768\" src=\"https:\/\/entretormentas.com\/wp-content\/uploads\/2025\/09\/CULTURALESS2-1024x768.jpeg\" alt=\"\" class=\"wp-image-22610\" srcset=\"https:\/\/entretormentas.com\/wp-content\/uploads\/2025\/09\/CULTURALESS2-1024x768.jpeg 1024w, https:\/\/entretormentas.com\/wp-content\/uploads\/2025\/09\/CULTURALESS2-300x225.jpeg 300w, https:\/\/entretormentas.com\/wp-content\/uploads\/2025\/09\/CULTURALESS2-768x576.jpeg 768w, https:\/\/entretormentas.com\/wp-content\/uploads\/2025\/09\/CULTURALESS2.jpeg 1280w\" sizes=\"(max-width: 1024px) 100vw, 1024px\" \/><\/figure>\n\n\n\n<p>De igual manera, m\u00e1s de 15 agrupaciones de danza, m\u00fasica y teatro se presentaron en la Concha Ac\u00fastica para ofrecer un evento dedicado a todas las edades, entre ellas: la Escuela de Danza Amanecer, Movimiento de Burriquitas Rel\u00e1mpago del Sur, Raza y Tambor, Ritmo y Gaita, entre otros.<\/p>\n\n\n\n<p>El Domingo Gaitero, en esta oportunidad estuvo dedicado a los ni\u00f1os y cont\u00f3 con agrupaciones gaiteras infantiles y juveniles como Gaiteritos del Soler, Los Herederos de la Gaita y el Ensamble Infantil Juan de Dios Mart\u00ednez.<\/p>\n\n\n\n<p>Rafael Rodr\u00edguez, presidente del Instituto P\u00fablico Municipal de la Cultura, manifest\u00f3 que \u00abnuestro alcalde H\u00e9ctor Soto, quiere que esta Plaza y esta Concha Ac\u00fastica se mantengan activas todos los fines de semana y por esto vamos a ofrecer diferentes eventos y actividades para todos los sanfranciscanos. Aqu\u00ed estamos abiertos para todo aquel que quiera venir a exponer y a presentar su m\u00fasica, sus danzas, sus creaciones, sin distingos de ning\u00fan tipo\u00bb.<br><strong><em>ET \/ Prensa Alcald\u00eda de San Francisco<\/em><\/strong><\/p>\n","protected":false},"excerpt":{"rendered":"<p>ENTRE TORMENTAS. La m\u00fasica, la danza y el teatro se reunieron este fin de semana&#8230;<\/p>\n","protected":false},"author":2,"featured_media":22611,"comment_status":"closed","ping_status":"open","sticky":false,"template":"","format":"standard","meta":{"footnotes":""},"categories":[57,1],"tags":[],"class_list":["post-22609","post","type-post","status-publish","format-standard","has-post-thumbnail","hentry","category-actualidad","category-regionales"],"_links":{"self":[{"href":"https:\/\/entretormentas.com\/index.php?rest_route=\/wp\/v2\/posts\/22609","targetHints":{"allow":["GET"]}}],"collection":[{"href":"https:\/\/entretormentas.com\/index.php?rest_route=\/wp\/v2\/posts"}],"about":[{"href":"https:\/\/entretormentas.com\/index.php?rest_route=\/wp\/v2\/types\/post"}],"author":[{"embeddable":true,"href":"https:\/\/entretormentas.com\/index.php?rest_route=\/wp\/v2\/users\/2"}],"replies":[{"embeddable":true,"href":"https:\/\/entretormentas.com\/index.php?rest_route=%2Fwp%2Fv2%2Fcomments&post=22609"}],"version-history":[{"count":1,"href":"https:\/\/entretormentas.com\/index.php?rest_route=\/wp\/v2\/posts\/22609\/revisions"}],"predecessor-version":[{"id":22612,"href":"https:\/\/entretormentas.com\/index.php?rest_route=\/wp\/v2\/posts\/22609\/revisions\/22612"}],"wp:featuredmedia":[{"embeddable":true,"href":"https:\/\/entretormentas.com\/index.php?rest_route=\/wp\/v2\/media\/22611"}],"wp:attachment":[{"href":"https:\/\/entretormentas.com\/index.php?rest_route=%2Fwp%2Fv2%2Fmedia&parent=22609"}],"wp:term":[{"taxonomy":"category","embeddable":true,"href":"https:\/\/entretormentas.com\/index.php?rest_route=%2Fwp%2Fv2%2Fcategories&post=22609"},{"taxonomy":"post_tag","embeddable":true,"href":"https:\/\/entretormentas.com\/index.php?rest_route=%2Fwp%2Fv2%2Ftags&post=22609"}],"curies":[{"name":"wp","href":"https:\/\/api.w.org\/{rel}","templated":true}]}}