{"id":22658,"date":"2025-10-01T04:03:34","date_gmt":"2025-10-01T08:03:34","guid":{"rendered":"https:\/\/entretormentas.com\/?p=22658"},"modified":"2025-10-01T04:03:35","modified_gmt":"2025-10-01T08:03:35","slug":"desde-el-concejo-municipal-de-san-francisco-juramentan-la-nueva-delegacion-del-consejo-local-de-planificacion-publica","status":"publish","type":"post","link":"https:\/\/entretormentas.com\/desde-el-concejo-municipal-de-san-francisco-juramentan-la-nueva-delegacion-del-consejo-local-de-planificacion-publica\/","title":{"rendered":"\u00a1DESDE EL CONCEJO MUNICIPAL DE SAN FRANCISCO! Juramentan la nueva delegaci\u00f3n del Consejo Local de Planificaci\u00f3n\u202fP\u00fablica"},"content":{"rendered":"\n<p><strong>ENTRE TORMENTAS.<\/strong> En una sesi\u00f3n del Concejo Municipal de\u202fSan\u202fFrancisco, realizada en las instalaciones del auditorio \u201cCh\u00e1vez Vivo\u201d del ayuntamiento sure\u00f1o, se llev\u00f3 a cabo la juramentaci\u00f3n de los nuevos miembros del Consejo Local de Planificaci\u00f3n P\u00fablica (CLPP) que ser\u00e1 liderado por el Alcalde Bolivariano H\u00e9ctor\u202fSoto y tendr\u00e1 como vicepresidenta a Lismary\u202fMoreno.<\/p>\n\n\n\n<p>Durante la actividad fueron juramentados los concejales y voceros de las comunas de los 26 circuitos; estos tendr\u00e1n como deber atender las necesidades de las comunidades y reivindicar la autoridad del Poder Popular como eje central de la gesti\u00f3n.<\/p>\n\n\n\n<p>Por su parte, el alcalde H\u00e9ctor\u202fSoto, presidente del CLPP, expres\u00f3: \u201cNosotros no solo hicimos un juramento como ejercicio protocolar; lo sentimos en el tu\u00e9tano, esta es una consagraci\u00f3n diaria que se basa en la conducci\u00f3n para construir un nuevo modelo social anclado sin lugar a dudas al Poder Popular, siendo la ruta hist\u00f3rica que nuestro presidente Nicol\u00e1s\u202fMaduro nos invita a seguirla como herencia del comandante Hugo\u202fCh\u00e1vez\u201d.<\/p>\n\n\n\n<figure class=\"wp-block-image size-large\"><img fetchpriority=\"high\" decoding=\"async\" width=\"1024\" height=\"648\" src=\"https:\/\/entretormentas.com\/wp-content\/uploads\/2025\/10\/CLPP2-1024x648.jpeg\" alt=\"\" class=\"wp-image-22659\" srcset=\"https:\/\/entretormentas.com\/wp-content\/uploads\/2025\/10\/CLPP2-1024x648.jpeg 1024w, https:\/\/entretormentas.com\/wp-content\/uploads\/2025\/10\/CLPP2-300x190.jpeg 300w, https:\/\/entretormentas.com\/wp-content\/uploads\/2025\/10\/CLPP2-768x486.jpeg 768w, https:\/\/entretormentas.com\/wp-content\/uploads\/2025\/10\/CLPP2.jpeg 1280w\" sizes=\"(max-width: 1024px) 100vw, 1024px\" \/><\/figure>\n\n\n\n<p>Este concejo representa un logro para las 26 comunas, los movimientos sociales y el pueblo en general al proporcionar las condiciones necesarias para que los ciudadanos de San\u202fFrancisco participen activamente en la construcci\u00f3n urbana, creando una agenda municipal y uniendo los cuatro poderes establecidos por la Constituci\u00f3n.<\/p>\n\n\n\n<p>El l\u00edder municipal tambi\u00e9n destac\u00f3 que, durante estos 45 d\u00edas de gobierno, el pueblo ha sido protagonista en la creaci\u00f3n de programas para el desarrollo social, tales como \u201cQue bien te ves San\u202fFrancisco\u201d y programas destinados a tratar patolog\u00edas relacionadas con cateterismo; adem\u00e1s se ha llevado a cabo el reacondicionamiento del Bansur y se ha invertido significativamente en infraestructura urbana.<\/p>\n\n\n\n<p>Soto a\u00f1adi\u00f3: \u201cComo alcald\u00eda somos instrumento para servir a los ciudadanos. Desde el primer d\u00eda hemos enfocado nuestra mirada en lo social, esta es una inversi\u00f3n importante que da origen a programas destinados a atender sus necesidades\u201d.<br><strong><em>ET \/ Prensa Alcald\u00eda de San Francisco<\/em><\/strong><\/p>\n","protected":false},"excerpt":{"rendered":"<p>ENTRE TORMENTAS. En una sesi\u00f3n del Concejo Municipal de\u202fSan\u202fFrancisco, realizada en las instalaciones del auditorio&#8230;<\/p>\n","protected":false},"author":2,"featured_media":22660,"comment_status":"closed","ping_status":"open","sticky":false,"template":"","format":"standard","meta":{"footnotes":""},"categories":[57,1],"tags":[],"class_list":["post-22658","post","type-post","status-publish","format-standard","has-post-thumbnail","hentry","category-actualidad","category-regionales"],"_links":{"self":[{"href":"https:\/\/entretormentas.com\/index.php?rest_route=\/wp\/v2\/posts\/22658","targetHints":{"allow":["GET"]}}],"collection":[{"href":"https:\/\/entretormentas.com\/index.php?rest_route=\/wp\/v2\/posts"}],"about":[{"href":"https:\/\/entretormentas.com\/index.php?rest_route=\/wp\/v2\/types\/post"}],"author":[{"embeddable":true,"href":"https:\/\/entretormentas.com\/index.php?rest_route=\/wp\/v2\/users\/2"}],"replies":[{"embeddable":true,"href":"https:\/\/entretormentas.com\/index.php?rest_route=%2Fwp%2Fv2%2Fcomments&post=22658"}],"version-history":[{"count":1,"href":"https:\/\/entretormentas.com\/index.php?rest_route=\/wp\/v2\/posts\/22658\/revisions"}],"predecessor-version":[{"id":22661,"href":"https:\/\/entretormentas.com\/index.php?rest_route=\/wp\/v2\/posts\/22658\/revisions\/22661"}],"wp:featuredmedia":[{"embeddable":true,"href":"https:\/\/entretormentas.com\/index.php?rest_route=\/wp\/v2\/media\/22660"}],"wp:attachment":[{"href":"https:\/\/entretormentas.com\/index.php?rest_route=%2Fwp%2Fv2%2Fmedia&parent=22658"}],"wp:term":[{"taxonomy":"category","embeddable":true,"href":"https:\/\/entretormentas.com\/index.php?rest_route=%2Fwp%2Fv2%2Fcategories&post=22658"},{"taxonomy":"post_tag","embeddable":true,"href":"https:\/\/entretormentas.com\/index.php?rest_route=%2Fwp%2Fv2%2Ftags&post=22658"}],"curies":[{"name":"wp","href":"https:\/\/api.w.org\/{rel}","templated":true}]}}