{"id":22662,"date":"2025-10-01T04:05:48","date_gmt":"2025-10-01T08:05:48","guid":{"rendered":"https:\/\/entretormentas.com\/?p=22662"},"modified":"2025-10-01T04:05:49","modified_gmt":"2025-10-01T08:05:49","slug":"fe-y-solidaridad-basilica-de-la-chinita-agradece-a-la-feligresia-participacion-en-el-xii-potazo-chiquinquireno","status":"publish","type":"post","link":"https:\/\/entretormentas.com\/fe-y-solidaridad-basilica-de-la-chinita-agradece-a-la-feligresia-participacion-en-el-xii-potazo-chiquinquireno\/","title":{"rendered":"\u00a1FE Y SOLIDARIDAD! Bas\u00edlica de la Chinita agradece a la feligres\u00eda participaci\u00f3n en el XII Potazo Chiquinquire\u00f1o"},"content":{"rendered":"\n<p><strong>ENTRE TORMENTAS.<\/strong> Este lunes el Parr\u00f3co &#8211; Rector de la Bas\u00edlica Santuario de Nuestra Se\u00f1ora de Chiquinquir\u00e1, presb\u00edtero Nedward Andrade, celebr\u00f3 una Eucarist\u00eda en acci\u00f3n de Gracias por el \u00e9xito del D\u00e9cimo Segundo Potazo Chiquinquire\u00f1o, en la que fueron anunciados los resultados de lo recaudado durante la jornada realizada el pasado viernes 26 y s\u00e1bado 27 de septiembre en las calles de Maracaibo y San Francisco.<\/p>\n\n\n\n<p>Gracias a la solidaridad de la feligres\u00eda zuliana, se logr\u00f3 recaudar una suma de 12 mil 193 d\u00f3lares, los cuales ser\u00e1n destinados a las obras sociales que lleva a cabo la parroquia San Juan de Dios, as\u00ed como tambi\u00e9n para cubrir parte de los gastos de las Fiestas Patronales en honor a Nuestra Se\u00f1ora del Rosario de Chiquinquir\u00e1, que inician el pr\u00f3ximo 25 de octubre con la tradicional Bajada de la Chinita.<\/p>\n\n\n\n<p>Al finalizar la celebraci\u00f3n enmarcada del D\u00eda de los Arc\u00e1ngeles San Miguel, San Rafael y San Gabriel, el presb\u00edtero Nedward Andrade, agradeci\u00f3 a toda la feligres\u00eda, voluntarios, integrantes de los grupos de apostolado, cofrad\u00edas, a la empresa privada y entes gubernamentales, por siempre estar dispuestos a participar y dar su granito de arena para la celebraci\u00f3n de las fiestas en honor a la patrona de los zulianos.<\/p>\n\n\n\n<p>\u201cEstamos muy agradecidos por la participaci\u00f3n de todos, por aquellos que de coraz\u00f3n ofrendan sus servicios en pro de nuestras obras sociales y fiestas patronales en honor a nuestra amada Chinita. El Potazo Chiquinquire\u00f1o, es una tradici\u00f3n para toda la feligres\u00eda que de manera desinteresada acompa\u00f1a todos los a\u00f1os a los grupos de apostolado y cofrad\u00edas en cada jornada\u201d, agreg\u00f3 Andrade.<\/p>\n\n\n\n<p>La cifra fue anunciada al finalizar la misa por la coordinadora del Potazo Chiquinquire\u00f1o 2025 Anabel Rinc\u00f3n, quien tambi\u00e9n manifest\u00f3 su agradecimiento por el amor, esfuerzo y entrega para la realizaci\u00f3n de esta actividad que finaliz\u00f3 el pasado s\u00e1bado con un evento musical ofrecido en la Plazoleta de la Bas\u00edlica Santuario.<\/p>\n\n\n\n<p>Durante los pr\u00f3ximos d\u00edas se anunciar\u00e1n los detalles de las actividades enmarcadas en las Fiestas Patronales Chiquinquire\u00f1as 2025, que inician el pr\u00f3ximo 25 de octubre, contin\u00faan durante todo noviembre e inicios de diciembre.<br><strong><em>ET \/ Prensa Bas\u00edlica de Chiquinquir\u00e1<\/em><\/strong><\/p>\n","protected":false},"excerpt":{"rendered":"<p>ENTRE TORMENTAS. Este lunes el Parr\u00f3co &#8211; Rector de la Bas\u00edlica Santuario de Nuestra Se\u00f1ora&#8230;<\/p>\n","protected":false},"author":2,"featured_media":22663,"comment_status":"closed","ping_status":"open","sticky":false,"template":"","format":"standard","meta":{"footnotes":""},"categories":[57,1],"tags":[],"class_list":["post-22662","post","type-post","status-publish","format-standard","has-post-thumbnail","hentry","category-actualidad","category-regionales"],"_links":{"self":[{"href":"https:\/\/entretormentas.com\/index.php?rest_route=\/wp\/v2\/posts\/22662","targetHints":{"allow":["GET"]}}],"collection":[{"href":"https:\/\/entretormentas.com\/index.php?rest_route=\/wp\/v2\/posts"}],"about":[{"href":"https:\/\/entretormentas.com\/index.php?rest_route=\/wp\/v2\/types\/post"}],"author":[{"embeddable":true,"href":"https:\/\/entretormentas.com\/index.php?rest_route=\/wp\/v2\/users\/2"}],"replies":[{"embeddable":true,"href":"https:\/\/entretormentas.com\/index.php?rest_route=%2Fwp%2Fv2%2Fcomments&post=22662"}],"version-history":[{"count":1,"href":"https:\/\/entretormentas.com\/index.php?rest_route=\/wp\/v2\/posts\/22662\/revisions"}],"predecessor-version":[{"id":22664,"href":"https:\/\/entretormentas.com\/index.php?rest_route=\/wp\/v2\/posts\/22662\/revisions\/22664"}],"wp:featuredmedia":[{"embeddable":true,"href":"https:\/\/entretormentas.com\/index.php?rest_route=\/wp\/v2\/media\/22663"}],"wp:attachment":[{"href":"https:\/\/entretormentas.com\/index.php?rest_route=%2Fwp%2Fv2%2Fmedia&parent=22662"}],"wp:term":[{"taxonomy":"category","embeddable":true,"href":"https:\/\/entretormentas.com\/index.php?rest_route=%2Fwp%2Fv2%2Fcategories&post=22662"},{"taxonomy":"post_tag","embeddable":true,"href":"https:\/\/entretormentas.com\/index.php?rest_route=%2Fwp%2Fv2%2Ftags&post=22662"}],"curies":[{"name":"wp","href":"https:\/\/api.w.org\/{rel}","templated":true}]}}