{"id":22665,"date":"2025-10-01T04:08:52","date_gmt":"2025-10-01T08:08:52","guid":{"rendered":"https:\/\/entretormentas.com\/?p=22665"},"modified":"2025-10-01T04:08:53","modified_gmt":"2025-10-01T08:08:53","slug":"en-la-plaza-bolivar-fundacion-ninos-del-sol-concluye-el-mes-amarillo-con-una-toma-de-calle","status":"publish","type":"post","link":"https:\/\/entretormentas.com\/en-la-plaza-bolivar-fundacion-ninos-del-sol-concluye-el-mes-amarillo-con-una-toma-de-calle\/","title":{"rendered":"\u00a1EN LA PLAZA BOL\u00cdVAR! Fundaci\u00f3n Ni\u00f1os del Sol concluye el Mes Amarillo con una toma de calle"},"content":{"rendered":"\n<p><strong>ENTRE TORMENTAS. <\/strong>La Fundaci\u00f3n Ni\u00f1os del Sol (Fundanis), a trav\u00e9s de su servicio de Defensor\u00eda, cerr\u00f3 las actividades del Mes Amarillo, dedicado a la prevenci\u00f3n del suicidio, con una jornada de toma de calle en la Plaza Bol\u00edvar de Maracaibo.<\/p>\n\n\n\n<p>El objetivo fue llevar un mensaje directo a la comunidad sobre la importancia de la prevenci\u00f3n, la identificaci\u00f3n de se\u00f1ales de alerta y la b\u00fasqueda de apoyo oportuno en materia de salud mental.<\/p>\n\n\n\n<p>La actividad se enmarc\u00f3 en el D\u00eda Mundial para la Prevenci\u00f3n del Suicidio, conmemorado cada 10 de septiembre, y busc\u00f3 extender el impacto del Mes Amarillo, visibilizando los estigmas asociados a la salud mental.<\/p>\n\n\n\n<figure class=\"wp-block-image size-full\"><img fetchpriority=\"high\" decoding=\"async\" width=\"540\" height=\"957\" src=\"https:\/\/entretormentas.com\/wp-content\/uploads\/2025\/10\/SOLNINOS2.jpeg\" alt=\"\" class=\"wp-image-22666\" srcset=\"https:\/\/entretormentas.com\/wp-content\/uploads\/2025\/10\/SOLNINOS2.jpeg 540w, https:\/\/entretormentas.com\/wp-content\/uploads\/2025\/10\/SOLNINOS2-169x300.jpeg 169w\" sizes=\"(max-width: 540px) 100vw, 540px\" \/><\/figure>\n\n\n\n<p>La jornada estuvo liderada por la coordinadora del Servicio de Defensor\u00eda Fundanis, Yahisbeth Gonz\u00e1lez y cont\u00f3 con la participaci\u00f3n del equipo de trabajo, junto a ni\u00f1os y ni\u00f1as beneficiarios de la Fundaci\u00f3n. Durante el recorrido por el espacio p\u00fablico, se distribuy\u00f3 material informativo y se promovi\u00f3 el di\u00e1logo abierto sobre el tema, con el prop\u00f3sito de sensibilizar a los marabinos.<\/p>\n\n\n\n<p>\u00abNuestra misi\u00f3n va m\u00e1s all\u00e1 de la asistencia; se centra en la protecci\u00f3n integral de la vida. Con esta actividad, hemos querido enfatizar que hablar de suicidio y buscar ayuda es fundamental. Es un llamado a la comunidad a reconocer las se\u00f1ales de alerta y a entender que el apoyo profesional es necesario y est\u00e1 disponible\u00bb, expres\u00f3 Yahisbeth Gonz\u00e1lez, coordinadora del Servicio de Defensor\u00eda de la Fundaci\u00f3n Ni\u00f1os del Sol.<\/p>\n\n\n\n<p>Con esta y otras iniciativas, la Alcald\u00eda de Maracaibo, a trav\u00e9s de la Fundaci\u00f3n Ni\u00f1os del Sol, reafirma su compromiso con la promoci\u00f3n del bienestar psicosocial, la defensa de los derechos de la infancia y la construcci\u00f3n de comunidades m\u00e1s sensibles y preparadas para afrontar los desaf\u00edos de la salud mental.<br><strong><em>ET \/ Prensa Alcald\u00eda de Maracaibo<\/em><\/strong><\/p>\n","protected":false},"excerpt":{"rendered":"<p>ENTRE TORMENTAS. La Fundaci\u00f3n Ni\u00f1os del Sol (Fundanis), a trav\u00e9s de su servicio de Defensor\u00eda,&#8230;<\/p>\n","protected":false},"author":2,"featured_media":22667,"comment_status":"closed","ping_status":"open","sticky":false,"template":"","format":"standard","meta":{"footnotes":""},"categories":[57,1],"tags":[],"class_list":["post-22665","post","type-post","status-publish","format-standard","has-post-thumbnail","hentry","category-actualidad","category-regionales"],"_links":{"self":[{"href":"https:\/\/entretormentas.com\/index.php?rest_route=\/wp\/v2\/posts\/22665","targetHints":{"allow":["GET"]}}],"collection":[{"href":"https:\/\/entretormentas.com\/index.php?rest_route=\/wp\/v2\/posts"}],"about":[{"href":"https:\/\/entretormentas.com\/index.php?rest_route=\/wp\/v2\/types\/post"}],"author":[{"embeddable":true,"href":"https:\/\/entretormentas.com\/index.php?rest_route=\/wp\/v2\/users\/2"}],"replies":[{"embeddable":true,"href":"https:\/\/entretormentas.com\/index.php?rest_route=%2Fwp%2Fv2%2Fcomments&post=22665"}],"version-history":[{"count":1,"href":"https:\/\/entretormentas.com\/index.php?rest_route=\/wp\/v2\/posts\/22665\/revisions"}],"predecessor-version":[{"id":22668,"href":"https:\/\/entretormentas.com\/index.php?rest_route=\/wp\/v2\/posts\/22665\/revisions\/22668"}],"wp:featuredmedia":[{"embeddable":true,"href":"https:\/\/entretormentas.com\/index.php?rest_route=\/wp\/v2\/media\/22667"}],"wp:attachment":[{"href":"https:\/\/entretormentas.com\/index.php?rest_route=%2Fwp%2Fv2%2Fmedia&parent=22665"}],"wp:term":[{"taxonomy":"category","embeddable":true,"href":"https:\/\/entretormentas.com\/index.php?rest_route=%2Fwp%2Fv2%2Fcategories&post=22665"},{"taxonomy":"post_tag","embeddable":true,"href":"https:\/\/entretormentas.com\/index.php?rest_route=%2Fwp%2Fv2%2Ftags&post=22665"}],"curies":[{"name":"wp","href":"https:\/\/api.w.org\/{rel}","templated":true}]}}