{"id":22804,"date":"2025-10-04T06:15:51","date_gmt":"2025-10-04T10:15:51","guid":{"rendered":"https:\/\/entretormentas.com\/?p=22804"},"modified":"2025-10-04T06:15:52","modified_gmt":"2025-10-04T10:15:52","slug":"musica-y-alegria-alcaldia-da-la-bienvenida-a-la-navidad-con-gran-encendido-en-san-francisco","status":"publish","type":"post","link":"https:\/\/entretormentas.com\/musica-y-alegria-alcaldia-da-la-bienvenida-a-la-navidad-con-gran-encendido-en-san-francisco\/","title":{"rendered":"\u00a1M\u00daSICA Y ALEGR\u00cdA! Alcald\u00eda da la bienvenida a la Navidad con Gran Encendido en San Francisco"},"content":{"rendered":"\n<p><strong>ENTRE TORMENTAS. <\/strong>\u200eLa Alcald\u00eda de San Francisco celebr\u00f3 el Gran Encendido Navide\u00f1o 2025 en la sede del gobierno municipal, dando inicio oficial a las festividades decembrinas con una jornada cargada de m\u00fasica, luces y alegr\u00eda Zuliana.<\/p>\n\n\n\n<p>El alcalde H\u00e9ctor Soto encabez\u00f3 el acto acompa\u00f1ado por la primera dama Hilary Soto, el director general de la Alcald\u00eda Joan Vicu\u00f1a, la Secretar\u00eda General de Gobierno, \u00c1ngela Fern\u00e1ndez y dem\u00e1s miembros del gabinete municipal.<\/p>\n\n\n\n<figure class=\"wp-block-image size-large\"><img fetchpriority=\"high\" decoding=\"async\" width=\"1024\" height=\"682\" src=\"https:\/\/entretormentas.com\/wp-content\/uploads\/2025\/10\/navidadsurena2-1024x682.jpg\" alt=\"\" class=\"wp-image-22805\" srcset=\"https:\/\/entretormentas.com\/wp-content\/uploads\/2025\/10\/navidadsurena2-1024x682.jpg 1024w, https:\/\/entretormentas.com\/wp-content\/uploads\/2025\/10\/navidadsurena2-300x200.jpg 300w, https:\/\/entretormentas.com\/wp-content\/uploads\/2025\/10\/navidadsurena2-768x511.jpg 768w, https:\/\/entretormentas.com\/wp-content\/uploads\/2025\/10\/navidadsurena2.jpg 1080w\" sizes=\"(max-width: 1024px) 100vw, 1024px\" \/><\/figure>\n\n\n\n<p><br>\u200eDurante sus palabras de apertura, el alcalde expres\u00f3: \u201cDesde hoy hasta el mes de enero, la parranda en San Francisco se enciende en prosperidad, en abundancia y, por supuesto, creando las condiciones necesarias para que nuestro pueblo cada d\u00eda siga creciendo\u201d. Acompa\u00f1ado de los concejales de la patria, miembros de las distintas UBCH del municipio y dem\u00e1s representantes del Poder Popular agradeci\u00f3 a Dios y a todas las familias sanfranciscanas por el respaldo a esta actividad, tambi\u00e9n a los cuerpos de seguridad que garantizaron el resguardo de las familias durante este evento que marca el inicio de la Navidad en el municipio.<br>\u200e<br>\u200eEl programa musical incluy\u00f3 presentaciones de agrupaciones gateras como Herederos de la Gaita y Gaiteros de San Luis, as\u00ed como de otros g\u00e9neros como Comando, El Charrito y Magenta Vallenato, adem\u00e1s de una presentaci\u00f3n especial para los m\u00e1s peque\u00f1os por parte del ministerio Pacto de Dios con sus mu\u00f1ecos cristianos. Uno de los momentos m\u00e1s celebrados fue el regreso de Madero Show a los escenarios sanfranciscanos, quien luego de varios a\u00f1os sin presentarse en el municipio, puso a todos a bailar al ritmo de la guaracha.<\/p>\n\n\n\n<figure class=\"wp-block-image size-large\"><img decoding=\"async\" width=\"1024\" height=\"682\" src=\"https:\/\/entretormentas.com\/wp-content\/uploads\/2025\/10\/navidadsurena3-1024x682.jpg\" alt=\"\" class=\"wp-image-22806\" srcset=\"https:\/\/entretormentas.com\/wp-content\/uploads\/2025\/10\/navidadsurena3-1024x682.jpg 1024w, https:\/\/entretormentas.com\/wp-content\/uploads\/2025\/10\/navidadsurena3-300x200.jpg 300w, https:\/\/entretormentas.com\/wp-content\/uploads\/2025\/10\/navidadsurena3-768x511.jpg 768w, https:\/\/entretormentas.com\/wp-content\/uploads\/2025\/10\/navidadsurena3.jpg 1080w\" sizes=\"(max-width: 1024px) 100vw, 1024px\" \/><\/figure>\n\n\n\n<p><br>\u200e<br>\u200eComo parte del evento, se realiz\u00f3 el tradicional encendido del pesebre, acompa\u00f1ado por una coral infantil que interpret\u00f3 villancicos tradicionales desde el nacimiento, rescatando el esp\u00edritu de la Navidad, que es el nacimiento de nuestro se\u00f1or Jesucristo y su obra redentora.<br>\u200e<br>\u200eLa comunidad respondi\u00f3 con entusiasmo. Una familia asistente comparti\u00f3 \u201cQued\u00f3 muy hermosa la actividad. Estamos muy satisfechos de que pudimos venir y disfrutar en familia. La m\u00fasica espectacular, las luces espectaculares. Felicitamos al alcalde y le agradecemos por esta hermosa celebraci\u00f3n\u201d.<\/p>\n\n\n\n<figure class=\"wp-block-image size-large\"><img decoding=\"async\" width=\"1024\" height=\"682\" src=\"https:\/\/entretormentas.com\/wp-content\/uploads\/2025\/10\/navidadsurena4-1024x682.jpg\" alt=\"\" class=\"wp-image-22807\" srcset=\"https:\/\/entretormentas.com\/wp-content\/uploads\/2025\/10\/navidadsurena4-1024x682.jpg 1024w, https:\/\/entretormentas.com\/wp-content\/uploads\/2025\/10\/navidadsurena4-300x200.jpg 300w, https:\/\/entretormentas.com\/wp-content\/uploads\/2025\/10\/navidadsurena4-768x511.jpg 768w, https:\/\/entretormentas.com\/wp-content\/uploads\/2025\/10\/navidadsurena4.jpg 1080w\" sizes=\"(max-width: 1024px) 100vw, 1024px\" \/><\/figure>\n\n\n\n<p>Desde las diferentes parroquias, las familias sanfranciscanas se hicieron presentes para disfrutar de este evento donde, desde el m\u00e1s chico hasta el m\u00e1s grande, celebraron en esta hermosa actividad.<br>\u200e<br>\u200eBajo el liderazgo del alcalde H\u00e9ctor Soto, esta temporada navide\u00f1a continuar\u00e1 con nuevas celebraciones, incluyendo la esperada Feria del Lago y la Feria de la Chinita, que traer\u00e1 m\u00e1s m\u00fasica, tradici\u00f3n y espacios para el encuentro familiar.<br><strong><em>\u200eET \/ Prensa Alcald\u00eda de San Francisco<\/em><\/strong><\/p>\n","protected":false},"excerpt":{"rendered":"<p>ENTRE TORMENTAS. \u200eLa Alcald\u00eda de San Francisco celebr\u00f3 el Gran Encendido Navide\u00f1o 2025 en la&#8230;<\/p>\n","protected":false},"author":2,"featured_media":22808,"comment_status":"closed","ping_status":"open","sticky":false,"template":"","format":"standard","meta":{"footnotes":""},"categories":[57,1],"tags":[],"class_list":["post-22804","post","type-post","status-publish","format-standard","has-post-thumbnail","hentry","category-actualidad","category-regionales"],"_links":{"self":[{"href":"https:\/\/entretormentas.com\/index.php?rest_route=\/wp\/v2\/posts\/22804","targetHints":{"allow":["GET"]}}],"collection":[{"href":"https:\/\/entretormentas.com\/index.php?rest_route=\/wp\/v2\/posts"}],"about":[{"href":"https:\/\/entretormentas.com\/index.php?rest_route=\/wp\/v2\/types\/post"}],"author":[{"embeddable":true,"href":"https:\/\/entretormentas.com\/index.php?rest_route=\/wp\/v2\/users\/2"}],"replies":[{"embeddable":true,"href":"https:\/\/entretormentas.com\/index.php?rest_route=%2Fwp%2Fv2%2Fcomments&post=22804"}],"version-history":[{"count":1,"href":"https:\/\/entretormentas.com\/index.php?rest_route=\/wp\/v2\/posts\/22804\/revisions"}],"predecessor-version":[{"id":22809,"href":"https:\/\/entretormentas.com\/index.php?rest_route=\/wp\/v2\/posts\/22804\/revisions\/22809"}],"wp:featuredmedia":[{"embeddable":true,"href":"https:\/\/entretormentas.com\/index.php?rest_route=\/wp\/v2\/media\/22808"}],"wp:attachment":[{"href":"https:\/\/entretormentas.com\/index.php?rest_route=%2Fwp%2Fv2%2Fmedia&parent=22804"}],"wp:term":[{"taxonomy":"category","embeddable":true,"href":"https:\/\/entretormentas.com\/index.php?rest_route=%2Fwp%2Fv2%2Fcategories&post=22804"},{"taxonomy":"post_tag","embeddable":true,"href":"https:\/\/entretormentas.com\/index.php?rest_route=%2Fwp%2Fv2%2Ftags&post=22804"}],"curies":[{"name":"wp","href":"https:\/\/api.w.org\/{rel}","templated":true}]}}