{"id":22810,"date":"2025-10-04T06:19:13","date_gmt":"2025-10-04T10:19:13","guid":{"rendered":"https:\/\/entretormentas.com\/?p=22810"},"modified":"2025-10-04T06:19:14","modified_gmt":"2025-10-04T10:19:14","slug":"este-sabado-4-oct-vence-el-plazo-mas-de-50-conjuntos-se-han-inscrito-en-el-festival-maracaibo-elige-la-gaita-del-ano","status":"publish","type":"post","link":"https:\/\/entretormentas.com\/este-sabado-4-oct-vence-el-plazo-mas-de-50-conjuntos-se-han-inscrito-en-el-festival-maracaibo-elige-la-gaita-del-ano\/","title":{"rendered":"\u00a1ESTE S\u00c1BADO 4-OCT VENCE EL PLAZO! M\u00e1s de 50 conjuntos se han inscrito en el Festival Maracaibo Elige la Gaita del A\u00f1o"},"content":{"rendered":"\n<p><strong>ENTRE TORMENTAS. <\/strong>El presidente de la Fundaci\u00f3n Nacional de la Gaita \u201cGaiteros y Gaiteras de Coraz\u00f3n\u201d, Endri M\u00e9ndez, inform\u00f3 que m\u00e1s de 50 agrupaciones de todo el pa\u00eds se han inscrito en el Festival Maracaibo Elige la Gaita del A\u00f1o, que inici\u00f3 su registro desde el 29 de septiembre y culmina este pr\u00f3ximo 4 de octubre.<\/p>\n\n\n\n<p>La informaci\u00f3n la dio a conocer M\u00e9ndez durante su presencia en el encendido de la Navidad en la Plaza de la Rep\u00fablica, refiriendo que hasta el mi\u00e9rcoles 1 de octubre ya hab\u00eda \u201cm\u00e1s de 50 agrupaciones que se han inscrito, entre ni\u00f1os y adultos; nosotros tenemos algunas estimaciones y va muy bien el proceso, es hasta el s\u00e1bado, sabemos que algunas agrupaciones est\u00e1n ordenando porque hay ciertos par\u00e1metros que hay que respetar, como por ejemplo que un integrante solo puede participar con un grupo, pero sabemos que hay integrantes que tocan con dos o tres grupos, bueno no, solamente podr\u00e1n hacerlo con una sola agrupaci\u00f3n y deben estar las agrupaciones ordenando sus n\u00f3minas y todos los integrantes para poder inscribirse\u201d.<\/p>\n\n\n\n<figure class=\"wp-block-image size-full\"><img fetchpriority=\"high\" decoding=\"async\" width=\"716\" height=\"537\" src=\"https:\/\/entretormentas.com\/wp-content\/uploads\/2025\/10\/gaitadelano.jpg\" alt=\"\" class=\"wp-image-22811\" srcset=\"https:\/\/entretormentas.com\/wp-content\/uploads\/2025\/10\/gaitadelano.jpg 716w, https:\/\/entretormentas.com\/wp-content\/uploads\/2025\/10\/gaitadelano-300x225.jpg 300w\" sizes=\"(max-width: 716px) 100vw, 716px\" \/><\/figure>\n\n\n\n<p>M\u00e9ndez reiter\u00f3 y aclar\u00f3 que el t\u00e9rmino c\u00f3nclave, conformado por gaiteros, \u201clo utilizamos ya que significa confidencial, secreto, es una reuni\u00f3n secreta y va a estar conformado por la misma cantidad de agrupaciones inscritas, supongamos que se inscriban 100 agrupaciones, van a ver 100 o m\u00e1s participantes en este con c\u00f3nclave que podr\u00e1n votar por sus 10 gaitas en la categor\u00eda infantil y sus 10 gaitas en la categor\u00eda de adultos, exceptuando la de ellos\u201d.<\/p>\n\n\n\n<p>Dijo que este es un proceso que va a ser bien bonito, ya que las 10 gaitas finalistas de los ni\u00f1os y de los adultos van a surgir del propio seno del gremio gaitero.<\/p>\n\n\n\n<p>Este Festival que ha sido relanzado por el alcalde bolivariano de Maracaibo, Giancarlo Di Martino, tal como lo prometi\u00f3 en su campa\u00f1a electoral, viene a darle otro aire a las festividades de la Feria de La Chinita y a darle valor a los gaiteros y gaiteras del Zulia, en una labor conjunta con la Fundaci\u00f3n Nacional de la Gaita y el Instituto Municipal de la Gaita \u201cRicardo Aguirre\u201d (IMGRA).<br><strong><em>ET \/ Prensa Alcald\u00eda de Maracaibo<\/em><\/strong><\/p>\n","protected":false},"excerpt":{"rendered":"<p>ENTRE TORMENTAS. El presidente de la Fundaci\u00f3n Nacional de la Gaita \u201cGaiteros y Gaiteras de&#8230;<\/p>\n","protected":false},"author":2,"featured_media":22812,"comment_status":"closed","ping_status":"open","sticky":false,"template":"","format":"standard","meta":{"footnotes":""},"categories":[57,1],"tags":[],"class_list":["post-22810","post","type-post","status-publish","format-standard","has-post-thumbnail","hentry","category-actualidad","category-regionales"],"_links":{"self":[{"href":"https:\/\/entretormentas.com\/index.php?rest_route=\/wp\/v2\/posts\/22810","targetHints":{"allow":["GET"]}}],"collection":[{"href":"https:\/\/entretormentas.com\/index.php?rest_route=\/wp\/v2\/posts"}],"about":[{"href":"https:\/\/entretormentas.com\/index.php?rest_route=\/wp\/v2\/types\/post"}],"author":[{"embeddable":true,"href":"https:\/\/entretormentas.com\/index.php?rest_route=\/wp\/v2\/users\/2"}],"replies":[{"embeddable":true,"href":"https:\/\/entretormentas.com\/index.php?rest_route=%2Fwp%2Fv2%2Fcomments&post=22810"}],"version-history":[{"count":1,"href":"https:\/\/entretormentas.com\/index.php?rest_route=\/wp\/v2\/posts\/22810\/revisions"}],"predecessor-version":[{"id":22813,"href":"https:\/\/entretormentas.com\/index.php?rest_route=\/wp\/v2\/posts\/22810\/revisions\/22813"}],"wp:featuredmedia":[{"embeddable":true,"href":"https:\/\/entretormentas.com\/index.php?rest_route=\/wp\/v2\/media\/22812"}],"wp:attachment":[{"href":"https:\/\/entretormentas.com\/index.php?rest_route=%2Fwp%2Fv2%2Fmedia&parent=22810"}],"wp:term":[{"taxonomy":"category","embeddable":true,"href":"https:\/\/entretormentas.com\/index.php?rest_route=%2Fwp%2Fv2%2Fcategories&post=22810"},{"taxonomy":"post_tag","embeddable":true,"href":"https:\/\/entretormentas.com\/index.php?rest_route=%2Fwp%2Fv2%2Ftags&post=22810"}],"curies":[{"name":"wp","href":"https:\/\/api.w.org\/{rel}","templated":true}]}}