{"id":22819,"date":"2025-10-04T06:35:26","date_gmt":"2025-10-04T10:35:26","guid":{"rendered":"https:\/\/entretormentas.com\/?p=22819"},"modified":"2025-10-04T06:35:27","modified_gmt":"2025-10-04T10:35:27","slug":"rehabilitacion-progresiva-alcaldia-de-maracaibo-recupera-y-entrega-tres-plazas-en-tres-parroquias","status":"publish","type":"post","link":"https:\/\/entretormentas.com\/rehabilitacion-progresiva-alcaldia-de-maracaibo-recupera-y-entrega-tres-plazas-en-tres-parroquias\/","title":{"rendered":"\u00a1REHABILITACI\u00d3N PROGRESIVA! Alcald\u00eda de Maracaibo recupera y entrega tres plazas en tres parroquias"},"content":{"rendered":"\n<p><strong>ENTRE TORMENTAS. <\/strong>La Alcald\u00eda de Maracaibo, en un trabajo conjunto del Servicio Desconcentrado de Plazas y Parques (SEDEPAR) y el Instituto Municipal del Ambiente (IMA), entreg\u00f3 la tarde de este jueves, las plazas San Rafael, Luis H\u00f3mez y Paul Harris completamente rehabilitadas para el disfrute de las familias en distintas parroquias de la ciudad.<\/p>\n\n\n\n<p>Tres parroquias cuentan ahora con espacios p\u00fablicos restaurados en menos de una semana que se suman a las plazas que viene restaurando el alcalde bolivariano de Maracaibo, Giancarlo Di Martino, hacia una transformaci\u00f3n de la ciudad que se construye desde cada rinc\u00f3n que se renueva.<\/p>\n\n\n\n<figure class=\"wp-block-image size-large\"><img fetchpriority=\"high\" decoding=\"async\" width=\"1024\" height=\"683\" src=\"https:\/\/entretormentas.com\/wp-content\/uploads\/2025\/10\/parques2-1024x683.jpg\" alt=\"\" class=\"wp-image-22820\" srcset=\"https:\/\/entretormentas.com\/wp-content\/uploads\/2025\/10\/parques2-1024x683.jpg 1024w, https:\/\/entretormentas.com\/wp-content\/uploads\/2025\/10\/parques2-300x200.jpg 300w, https:\/\/entretormentas.com\/wp-content\/uploads\/2025\/10\/parques2-768x512.jpg 768w, https:\/\/entretormentas.com\/wp-content\/uploads\/2025\/10\/parques2.jpg 1080w\" sizes=\"(max-width: 1024px) 100vw, 1024px\" \/><\/figure>\n\n\n\n<p>Las plazas entregadas a la comunidad totalmente rehabilitadas son la Plaza San Rafael ubicada en la urbanizaci\u00f3n del mismo nombre en la parroquia Francisco Eugenio Bustamante; la Plaza Luis H\u00f3mez, sector Valle Fr\u00edo, en la parroquia Santa Luc\u00eda y la Plaza Paul Harris en la parroquia Chiquinquir\u00e1.<\/p>\n\n\n\n<p>El director general de SEDEPAR, Namik Torres, inform\u00f3 que \u201ccada espacio que entregamos es una promesa cumplida, pero tambi\u00e9n una semilla. Maracaibo merece lugares que con sus estructuras nos inviten a disfrutar. Recuperar estos lugares es recuperar lo que somos. Y esto apenas comienza. Vamos a seguir transformando Maracaibo desde lo m\u00e1s cercano a nosotros que es el lugar donde vamos con nuestros hijos a pasar un rato diferente\u201d.<\/p>\n\n\n\n<p>Las labores ejecutadas incluyeron limpieza, pintura, recuperaci\u00f3n de mobiliario, adecuaci\u00f3n de \u00e1reas verdes, mejoras en iluminaci\u00f3n y rehabilitaci\u00f3n de espacios recreativos y deportivos.<\/p>\n\n\n\n<p>\u201cEn la Plaza San Rafael se hicieron trabajos de desmalezamiento, poda, tala, se retir\u00f3 material profil\u00e1ctico, tanto vegetal como de desechos s\u00f3lidos; se atendi\u00f3 el tema de las luminarias, se pint\u00f3 por completo la plaza, se restaur\u00f3 y puso en pleno funcionamiento la fuente y se asegur\u00f3 el esparcimiento sano, seguro y saludable para los ni\u00f1os\u201d, detall\u00f3 el funcionario municipal.<\/p>\n\n\n\n<p>En las dem\u00e1s plazas, se incorporaron ornatos, letras corp\u00f3reas y detalles que devuelven identidad a cada espacio.<\/p>\n\n\n\n<figure class=\"wp-block-image size-large\"><img decoding=\"async\" width=\"1024\" height=\"683\" src=\"https:\/\/entretormentas.com\/wp-content\/uploads\/2025\/10\/parques3-1024x683.jpg\" alt=\"\" class=\"wp-image-22821\" srcset=\"https:\/\/entretormentas.com\/wp-content\/uploads\/2025\/10\/parques3-1024x683.jpg 1024w, https:\/\/entretormentas.com\/wp-content\/uploads\/2025\/10\/parques3-300x200.jpg 300w, https:\/\/entretormentas.com\/wp-content\/uploads\/2025\/10\/parques3-768x512.jpg 768w, https:\/\/entretormentas.com\/wp-content\/uploads\/2025\/10\/parques3.jpg 1080w\" sizes=\"(max-width: 1024px) 100vw, 1024px\" \/><\/figure>\n\n\n\n<p><strong>13 MIL METROS CUADRADOS DE AMOR<\/strong><br>El director del SEDEPAR destac\u00f3 que en la Plaza San Rafael \u201ctambi\u00e9n se rescat\u00f3 el gimnasio a cielo abierto, para que tanto ni\u00f1os como adultos puedan hacer un uso sano de la plaza y practiquen actividades f\u00edsicas\u201d.<\/p>\n\n\n\n<p>\u201cAqu\u00ed en San Rafael hay 13 mil metros cuadrados de atenci\u00f3n, de amor, de esperanza, de esparcimiento sano al alcance de toda la comunidad\u201d, dijo el funcionario.<\/p>\n\n\n\n<p>Torres resalt\u00f3 que los propios ciudadanos, a trav\u00e9s de los consejos comunales, \u201cvan a ser los garantes de que estas grandes inversiones sociales se mantengan en el tiempo, y supervisen su administraci\u00f3n a trav\u00e9s de la contralor\u00eda social\u201d.<\/p>\n\n\n\n<p><strong>270 PLAZAS<\/strong><br>\u201cEn Maracaibo tenemos cerca de 270 plazas y en tan solo tres meses de gesti\u00f3n, el alcalde Di Martino ha atendido cerca de 40 plazas. El d\u00eda del encendido de la emblem\u00e1tica Plaza de La Rep\u00fablica entregamos simult\u00e1neamente cuatro plazas m\u00e1s\u201d, apunto Torres.<\/p>\n\n\n\n<p>Dijo que esta es una instrucci\u00f3n que proviene del presidente Nicol\u00e1s Maduro, y que es ejecutada por la Alcald\u00eda Bolivariana de Maracaibo en forma mancomunada con la Gobernaci\u00f3n del Zulia y de la mano con el poder comunal.<\/p>\n\n\n\n<figure class=\"wp-block-image size-large\"><img decoding=\"async\" width=\"1024\" height=\"768\" src=\"https:\/\/entretormentas.com\/wp-content\/uploads\/2025\/10\/parques4-1024x768.jpg\" alt=\"\" class=\"wp-image-22822\" srcset=\"https:\/\/entretormentas.com\/wp-content\/uploads\/2025\/10\/parques4-1024x768.jpg 1024w, https:\/\/entretormentas.com\/wp-content\/uploads\/2025\/10\/parques4-300x225.jpg 300w, https:\/\/entretormentas.com\/wp-content\/uploads\/2025\/10\/parques4-768x576.jpg 768w, https:\/\/entretormentas.com\/wp-content\/uploads\/2025\/10\/parques4.jpg 1080w\" sizes=\"(max-width: 1024px) 100vw, 1024px\" \/><\/figure>\n\n\n\n<p><strong>IMA INCORPORADO AL RESCATE DE PLAZAS<\/strong><br>Por su parte, el presidente (e) del Instituto Municipal del Ambiente, Janner P\u00e9rez, mencion\u00f3 que se est\u00e1n reacondicionando las \u00e1reas verdes de las plazas y parques, garantizando de esta manera el saneamiento y mantenimiento que incluye poda, corte de \u00e1rboles y riego; adem\u00e1s de recuperaci\u00f3n de estructura, que abarca bancas, cercado, luminarias, canchas \u201ccomo es el caso de la Plaza San Rafael, espacio emblem\u00e1tico y concurrido por residentes de la parroquia\u201d.<\/p>\n\n\n\n<p>Agreg\u00f3 que \u201cse trabaja conjuntamente con el poder popular, consejos comunales, circuitos comunales, UBCH, jueces de paz, concejales del municipio, como garantes de la gesti\u00f3n del Alcalde Di Martino\u00bb.<\/p>\n\n\n\n<p>Se\u00f1al\u00f3 que los vecinos de las parroquias Francisco Eugenio Bustamante, Santa Luc\u00eda y Chiquinquir\u00e1, aplaudieron la acci\u00f3n de rescate de plazas de Maracaibo, que por a\u00f1os se encontraban desasistidas, \u201cseguimos trabajando para rescatar el brillo y color de esta ciudad, y el alcalde Giancarlo Di Martino est\u00e1 llevando adelante las acciones para volver a ser la primera ciudad de Venezuela\u00bb.<br><strong><em>ET \/ Prensa Alcald\u00eda de Maracaibo<\/em><\/strong><\/p>\n\n\n\n<p><\/p>\n","protected":false},"excerpt":{"rendered":"<p>ENTRE TORMENTAS. La Alcald\u00eda de Maracaibo, en un trabajo conjunto del Servicio Desconcentrado de Plazas&#8230;<\/p>\n","protected":false},"author":2,"featured_media":22823,"comment_status":"closed","ping_status":"open","sticky":false,"template":"","format":"standard","meta":{"footnotes":""},"categories":[57,1],"tags":[],"class_list":["post-22819","post","type-post","status-publish","format-standard","has-post-thumbnail","hentry","category-actualidad","category-regionales"],"_links":{"self":[{"href":"https:\/\/entretormentas.com\/index.php?rest_route=\/wp\/v2\/posts\/22819","targetHints":{"allow":["GET"]}}],"collection":[{"href":"https:\/\/entretormentas.com\/index.php?rest_route=\/wp\/v2\/posts"}],"about":[{"href":"https:\/\/entretormentas.com\/index.php?rest_route=\/wp\/v2\/types\/post"}],"author":[{"embeddable":true,"href":"https:\/\/entretormentas.com\/index.php?rest_route=\/wp\/v2\/users\/2"}],"replies":[{"embeddable":true,"href":"https:\/\/entretormentas.com\/index.php?rest_route=%2Fwp%2Fv2%2Fcomments&post=22819"}],"version-history":[{"count":1,"href":"https:\/\/entretormentas.com\/index.php?rest_route=\/wp\/v2\/posts\/22819\/revisions"}],"predecessor-version":[{"id":22824,"href":"https:\/\/entretormentas.com\/index.php?rest_route=\/wp\/v2\/posts\/22819\/revisions\/22824"}],"wp:featuredmedia":[{"embeddable":true,"href":"https:\/\/entretormentas.com\/index.php?rest_route=\/wp\/v2\/media\/22823"}],"wp:attachment":[{"href":"https:\/\/entretormentas.com\/index.php?rest_route=%2Fwp%2Fv2%2Fmedia&parent=22819"}],"wp:term":[{"taxonomy":"category","embeddable":true,"href":"https:\/\/entretormentas.com\/index.php?rest_route=%2Fwp%2Fv2%2Fcategories&post=22819"},{"taxonomy":"post_tag","embeddable":true,"href":"https:\/\/entretormentas.com\/index.php?rest_route=%2Fwp%2Fv2%2Ftags&post=22819"}],"curies":[{"name":"wp","href":"https:\/\/api.w.org\/{rel}","templated":true}]}}