{"id":22825,"date":"2025-10-04T06:41:21","date_gmt":"2025-10-04T10:41:21","guid":{"rendered":"https:\/\/entretormentas.com\/?p=22825"},"modified":"2025-10-04T06:41:22","modified_gmt":"2025-10-04T10:41:22","slug":"en-maracaibo-gobernador-caldera-inicia-intervencion-de-uci-y-emergencia-del-hospital-de-ninos-ii","status":"publish","type":"post","link":"https:\/\/entretormentas.com\/en-maracaibo-gobernador-caldera-inicia-intervencion-de-uci-y-emergencia-del-hospital-de-ninos-ii\/","title":{"rendered":"\u00a1EN MARACAIBO! Gobernador Caldera inicia intervenci\u00f3n de UCI y emergencia del Hospital de Ni\u00f1os II"},"content":{"rendered":"\n<p><strong>ENTRE TORMENTAS. <\/strong>En la ruta por la recuperaci\u00f3n de los espacios de salud, el gobernador del Zulia, Luis Caldera, anunci\u00f3 la intervenci\u00f3n de la Unidad de Cuidados Intensivos (UCI) para la activaci\u00f3n de 13 camas, la emergencia, hospitalizaci\u00f3n, laboratorio y otras \u00e1reas del emblem\u00e1tico Hospital de Ni\u00f1os tipo 2 de Maracaibo, ubicado en la parroquia Bol\u00edvar.<\/p>\n\n\n\n<p>El anuncio lo hizo el mandatario regional tras recorrido por este centro de salud pedi\u00e1trico, donde inici\u00f3 el Plan Cayapa de la Salud, estrategia que viene marcando pauta en la gesti\u00f3n del Gobierno Bolivariano del Zulia, donde se han recuperado infraestructuras, dotado \u00e1reas con equipos de \u00faltima generaci\u00f3n y estableciendo programas, lo cual fortalece el Sistema P\u00fablico Nacional de Salud en la entidad.<\/p>\n\n\n\n<figure class=\"wp-block-image size-large\"><img fetchpriority=\"high\" decoding=\"async\" width=\"1024\" height=\"683\" src=\"https:\/\/entretormentas.com\/wp-content\/uploads\/2025\/10\/hospitalninos2-1024x683.jpg\" alt=\"\" class=\"wp-image-22826\" srcset=\"https:\/\/entretormentas.com\/wp-content\/uploads\/2025\/10\/hospitalninos2-1024x683.jpg 1024w, https:\/\/entretormentas.com\/wp-content\/uploads\/2025\/10\/hospitalninos2-300x200.jpg 300w, https:\/\/entretormentas.com\/wp-content\/uploads\/2025\/10\/hospitalninos2-768x512.jpg 768w, https:\/\/entretormentas.com\/wp-content\/uploads\/2025\/10\/hospitalninos2.jpg 1080w\" sizes=\"(max-width: 1024px) 100vw, 1024px\" \/><\/figure>\n\n\n\n<p>\u201cVamos desde hoy a hacer el proceso de intervenci\u00f3n de infraestructura, dotaci\u00f3n y equipamiento. Esto garantiza la ampliaci\u00f3n de los servicios, sobre todo en el \u00e1rea neonatal qu\u00e9 tanto necesita la ruta materna, y en los planes que adelanta el Ministerio del Poder Popular para la Salud\u201d, asever\u00f3 el gobernador Caldera.<\/p>\n\n\n\n<p>Acompa\u00f1ado de la directora de este plantel hospitalario infantil, Neila Soto; de la subsecretaria de Salud, Hilda Ram\u00edrez; de la presidenta de FundaSalud, Luz Caldera y de la vocera comunal Ada Arrieta, el gobernador manifest\u00f3 que el abordaje ser\u00e1 integral, lo que conllevar\u00e1 a la atenci\u00f3n de calidad a ni\u00f1os, ni\u00f1as y adolescentes, como lo ha instruido el presidente Nicol\u00e1s Maduro.<\/p>\n\n\n\n<figure class=\"wp-block-image size-large\"><img decoding=\"async\" width=\"1024\" height=\"683\" src=\"https:\/\/entretormentas.com\/wp-content\/uploads\/2025\/10\/hospitalninos3-1024x683.jpg\" alt=\"\" class=\"wp-image-22827\" srcset=\"https:\/\/entretormentas.com\/wp-content\/uploads\/2025\/10\/hospitalninos3-1024x683.jpg 1024w, https:\/\/entretormentas.com\/wp-content\/uploads\/2025\/10\/hospitalninos3-300x200.jpg 300w, https:\/\/entretormentas.com\/wp-content\/uploads\/2025\/10\/hospitalninos3-768x512.jpg 768w, https:\/\/entretormentas.com\/wp-content\/uploads\/2025\/10\/hospitalninos3.jpg 1080w\" sizes=\"(max-width: 1024px) 100vw, 1024px\" \/><\/figure>\n\n\n\n<p>Entre los trabajos que se desarrollar\u00e1n son pintura, impermeabilizaci\u00f3n, reparaci\u00f3n de aires acondicionados, donde ya se han instalado en otros espacios 30 toneladas nuevas y aire comprimido.<\/p>\n\n\n\n<p>Esta obra, apunt\u00f3 el gobernador zuliano, se suma a otras ejecutadas por el Gobierno Bolivariano y que completan la atenci\u00f3n integral en el estado Zulia, en todas las edades, como en el \u00e1rea oncol\u00f3gica, \u00e1reas de adultos, neurocirug\u00eda, traumatolog\u00eda en el Hospital General del Sur Dr. Pedro Iturbe, la Unidad de Cuidados Intensivos de Cabimas y ahora estas 13 camas en la UCI para neonatos, ni\u00f1os y adolescentes del Hospital de Ni\u00f1os de Maracaibo.<br><strong><em>ET \/ Nota de Prensa<\/em><\/strong><\/p>\n","protected":false},"excerpt":{"rendered":"<p>ENTRE TORMENTAS. En la ruta por la recuperaci\u00f3n de los espacios de salud, el gobernador&#8230;<\/p>\n","protected":false},"author":2,"featured_media":22828,"comment_status":"closed","ping_status":"open","sticky":false,"template":"","format":"standard","meta":{"footnotes":""},"categories":[57,1],"tags":[],"class_list":["post-22825","post","type-post","status-publish","format-standard","has-post-thumbnail","hentry","category-actualidad","category-regionales"],"_links":{"self":[{"href":"https:\/\/entretormentas.com\/index.php?rest_route=\/wp\/v2\/posts\/22825","targetHints":{"allow":["GET"]}}],"collection":[{"href":"https:\/\/entretormentas.com\/index.php?rest_route=\/wp\/v2\/posts"}],"about":[{"href":"https:\/\/entretormentas.com\/index.php?rest_route=\/wp\/v2\/types\/post"}],"author":[{"embeddable":true,"href":"https:\/\/entretormentas.com\/index.php?rest_route=\/wp\/v2\/users\/2"}],"replies":[{"embeddable":true,"href":"https:\/\/entretormentas.com\/index.php?rest_route=%2Fwp%2Fv2%2Fcomments&post=22825"}],"version-history":[{"count":1,"href":"https:\/\/entretormentas.com\/index.php?rest_route=\/wp\/v2\/posts\/22825\/revisions"}],"predecessor-version":[{"id":22829,"href":"https:\/\/entretormentas.com\/index.php?rest_route=\/wp\/v2\/posts\/22825\/revisions\/22829"}],"wp:featuredmedia":[{"embeddable":true,"href":"https:\/\/entretormentas.com\/index.php?rest_route=\/wp\/v2\/media\/22828"}],"wp:attachment":[{"href":"https:\/\/entretormentas.com\/index.php?rest_route=%2Fwp%2Fv2%2Fmedia&parent=22825"}],"wp:term":[{"taxonomy":"category","embeddable":true,"href":"https:\/\/entretormentas.com\/index.php?rest_route=%2Fwp%2Fv2%2Fcategories&post=22825"},{"taxonomy":"post_tag","embeddable":true,"href":"https:\/\/entretormentas.com\/index.php?rest_route=%2Fwp%2Fv2%2Ftags&post=22825"}],"curies":[{"name":"wp","href":"https:\/\/api.w.org\/{rel}","templated":true}]}}