{"id":22840,"date":"2025-10-04T06:57:13","date_gmt":"2025-10-04T10:57:13","guid":{"rendered":"https:\/\/entretormentas.com\/?p=22840"},"modified":"2025-10-04T06:57:13","modified_gmt":"2025-10-04T10:57:13","slug":"respuesta-maduro-afirma-que-si-venezuela-se-tiene-que-defender-con-las-armas-lo-hara","status":"publish","type":"post","link":"https:\/\/entretormentas.com\/respuesta-maduro-afirma-que-si-venezuela-se-tiene-que-defender-con-las-armas-lo-hara\/","title":{"rendered":"\u00a1RESPUESTA! Maduro afirma que si Venezuela se tiene que defender con las armas lo har\u00e1"},"content":{"rendered":"\n<p><strong>ENTRE TORMENTAS.<\/strong> El presidente Nicol\u00e1s Maduro asegur\u00f3 que Venezuela se defender\u00e1 con las armas en el momento en que haga falta.<\/p>\n\n\n\n<p>La afirmaci\u00f3n la hizo durante su intervenci\u00f3n en la conferencia internacional Colonialismo, Neocolonialismo y los Despojos Territoriales del Imperialismo Occidental, donde coment\u00f3 sobre la gesta de independencia en Suram\u00e9rica.<\/p>\n\n\n\n<p>\u00abEn aquel breve lapso her\u00f3ico donde se fundaron nuestras rep\u00fablicas y qued\u00f3 establecido el proyecto original, que hoy nuestro pueblo defiende con justeza, diplomacia, pero que si lo tiene que defender con las armas lo har\u00e1 con las armas en el momento que haga falta. Defender el proyecto original de una patria que debe ser respetada y se debe hacer respetar por encima de cualquier circunstancia\u00bb, advirti\u00f3 el primer mandatario nacional.<\/p>\n\n\n\n<p>A\u00f1adi\u00f3 que Venezuela jam\u00e1s se humillar\u00e1 ante ning\u00fan imperio, tenga el poder que tenga y ll\u00e1mese como se llame.<\/p>\n\n\n\n<p>\u00abLe daremos, en su justa medida, una lecci\u00f3n moral, \u00e9tica y pol\u00edtica, a ese imperio en los a\u00f1os que est\u00e1n por venir\u00bb, expres\u00f3 el Jefe de Estado.<br><strong><em>ET \/ Uni\u00f3n Radio<\/em><\/strong><\/p>\n","protected":false},"excerpt":{"rendered":"<p>ENTRE TORMENTAS. El presidente Nicol\u00e1s Maduro asegur\u00f3 que Venezuela se defender\u00e1 con las armas en&#8230;<\/p>\n","protected":false},"author":2,"featured_media":22841,"comment_status":"closed","ping_status":"open","sticky":false,"template":"","format":"standard","meta":{"footnotes":""},"categories":[56,49],"tags":[],"class_list":["post-22840","post","type-post","status-publish","format-standard","has-post-thumbnail","hentry","category-destacadas","category-nacionales"],"_links":{"self":[{"href":"https:\/\/entretormentas.com\/index.php?rest_route=\/wp\/v2\/posts\/22840","targetHints":{"allow":["GET"]}}],"collection":[{"href":"https:\/\/entretormentas.com\/index.php?rest_route=\/wp\/v2\/posts"}],"about":[{"href":"https:\/\/entretormentas.com\/index.php?rest_route=\/wp\/v2\/types\/post"}],"author":[{"embeddable":true,"href":"https:\/\/entretormentas.com\/index.php?rest_route=\/wp\/v2\/users\/2"}],"replies":[{"embeddable":true,"href":"https:\/\/entretormentas.com\/index.php?rest_route=%2Fwp%2Fv2%2Fcomments&post=22840"}],"version-history":[{"count":1,"href":"https:\/\/entretormentas.com\/index.php?rest_route=\/wp\/v2\/posts\/22840\/revisions"}],"predecessor-version":[{"id":22842,"href":"https:\/\/entretormentas.com\/index.php?rest_route=\/wp\/v2\/posts\/22840\/revisions\/22842"}],"wp:featuredmedia":[{"embeddable":true,"href":"https:\/\/entretormentas.com\/index.php?rest_route=\/wp\/v2\/media\/22841"}],"wp:attachment":[{"href":"https:\/\/entretormentas.com\/index.php?rest_route=%2Fwp%2Fv2%2Fmedia&parent=22840"}],"wp:term":[{"taxonomy":"category","embeddable":true,"href":"https:\/\/entretormentas.com\/index.php?rest_route=%2Fwp%2Fv2%2Fcategories&post=22840"},{"taxonomy":"post_tag","embeddable":true,"href":"https:\/\/entretormentas.com\/index.php?rest_route=%2Fwp%2Fv2%2Ftags&post=22840"}],"curies":[{"name":"wp","href":"https:\/\/api.w.org\/{rel}","templated":true}]}}