{"id":22850,"date":"2025-10-05T20:16:16","date_gmt":"2025-10-06T00:16:16","guid":{"rendered":"https:\/\/entretormentas.com\/?p=22850"},"modified":"2025-10-05T20:16:18","modified_gmt":"2025-10-06T00:16:18","slug":"en-el-municipio-simon-bolivar-unt-recoge-utiles-y-multiplica-sonrisas-en-simon-bolivar","status":"publish","type":"post","link":"https:\/\/entretormentas.com\/en-el-municipio-simon-bolivar-unt-recoge-utiles-y-multiplica-sonrisas-en-simon-bolivar\/","title":{"rendered":"\u00a1EN EL MUNICIPIO SIM\u00d3N BOL\u00cdVAR! UNT recoge \u00fatiles y multiplica sonrisas en Sim\u00f3n Bol\u00edvar"},"content":{"rendered":"\n<p><strong>ENTRE TORMENTAS.<\/strong> En el marco de su compromiso con la educaci\u00f3n y el desarrollo de los peque\u00f1os, el partido Un Nuevo Tiempo (UNT) en el municipio Sim\u00f3n Bol\u00edvar contin\u00faa desarrollando una jornada solidaria de recolecci\u00f3n de \u00fatiles escolares, iniciativa que reuni\u00f3 a dirigentes, militantes, concejales y vecinos en pro de apoyar a las familias m\u00e1s vulnerables en el inicio del nuevo a\u00f1o escolar.<\/p>\n\n\n\n<p>Este evento solidario tiene lugar en la sede de UNT Sim\u00f3n Bol\u00edvar, ubicada en la avenida Intercomunal, sector Las Palmas, entre carretera C y D, donde los asistentes realizan donaciones de cuadernos, l\u00e1pices, colores, mochilas y otros materiales escolares que ser\u00e1n entregados a ni\u00f1os de bajos recursos del municipio en los pr\u00f3ximos d\u00edas.<\/p>\n\n\n\n<p>El exalcalde del municipio y dirigente del partido, Argelio Riera, destac\u00f3 el compromiso permanente de Un Nuevo Tiempo con las causas sociales y con la educaci\u00f3n como pilar fundamental del progreso.<\/p>\n\n\n\n<figure class=\"wp-block-image size-large\"><img fetchpriority=\"high\" decoding=\"async\" width=\"1024\" height=\"768\" src=\"https:\/\/entretormentas.com\/wp-content\/uploads\/2025\/10\/utiles2-1024x768.jpg\" alt=\"\" class=\"wp-image-22851\" srcset=\"https:\/\/entretormentas.com\/wp-content\/uploads\/2025\/10\/utiles2-1024x768.jpg 1024w, https:\/\/entretormentas.com\/wp-content\/uploads\/2025\/10\/utiles2-300x225.jpg 300w, https:\/\/entretormentas.com\/wp-content\/uploads\/2025\/10\/utiles2-768x576.jpg 768w, https:\/\/entretormentas.com\/wp-content\/uploads\/2025\/10\/utiles2.jpg 1080w\" sizes=\"(max-width: 1024px) 100vw, 1024px\" \/><\/figure>\n\n\n\n<p>\u201cEn el municipio Sim\u00f3n Bol\u00edvar, en Un Nuevo Tiempo el trabajo no se detiene. Seguimos el ejemplo de nuestro l\u00edder y presidente fundador, Manuel Rosales Guerrero, y hoy una vez m\u00e1s continuamos con esta hermosa jornada solidaria de recolecci\u00f3n de \u00fatiles escolares\u201d, expres\u00f3.<\/p>\n\n\n\n<p>Adem\u00e1s, manifest\u00f3 su agradecimiento a Nora Bracho, presidenta de la tolda azul en el estado Zulia, y al equipo regional del partido por su respaldo constante al municipio Sim\u00f3n Bol\u00edvar. Destac\u00f3 que este tipo de jornadas representan un esfuerzo colectivo que fortalece el compromiso con la educaci\u00f3n, fuente de oportunidades y esperanza para el futuro de los ni\u00f1os zulianos.<\/p>\n\n\n\n<p>Asimismo, el exalcalde extendi\u00f3 su agradecimiento a los concejales Juan Carlos Riera y Xiomara Campos por su valioso aporte en esta importante labor, resaltando el trabajo conjunto y el esp\u00edritu solidario que caracteriza a la organizaci\u00f3n pol\u00edtica.<\/p>\n\n\n\n<p>Con actividades como esta, Un Nuevo Tiempo reafirma su vocaci\u00f3n social y su compromiso con el bienestar de las familias zulianas, especialmente en un contexto donde la educaci\u00f3n representa esperanza y oportunidades para las nuevas generaciones.<br><strong><em>ET \/ Prensa UNT-Zulia<\/em><\/strong><\/p>\n","protected":false},"excerpt":{"rendered":"<p>ENTRE TORMENTAS. En el marco de su compromiso con la educaci\u00f3n y el desarrollo de&#8230;<\/p>\n","protected":false},"author":2,"featured_media":22852,"comment_status":"closed","ping_status":"open","sticky":false,"template":"","format":"standard","meta":{"footnotes":""},"categories":[57,1],"tags":[],"class_list":["post-22850","post","type-post","status-publish","format-standard","has-post-thumbnail","hentry","category-actualidad","category-regionales"],"_links":{"self":[{"href":"https:\/\/entretormentas.com\/index.php?rest_route=\/wp\/v2\/posts\/22850","targetHints":{"allow":["GET"]}}],"collection":[{"href":"https:\/\/entretormentas.com\/index.php?rest_route=\/wp\/v2\/posts"}],"about":[{"href":"https:\/\/entretormentas.com\/index.php?rest_route=\/wp\/v2\/types\/post"}],"author":[{"embeddable":true,"href":"https:\/\/entretormentas.com\/index.php?rest_route=\/wp\/v2\/users\/2"}],"replies":[{"embeddable":true,"href":"https:\/\/entretormentas.com\/index.php?rest_route=%2Fwp%2Fv2%2Fcomments&post=22850"}],"version-history":[{"count":1,"href":"https:\/\/entretormentas.com\/index.php?rest_route=\/wp\/v2\/posts\/22850\/revisions"}],"predecessor-version":[{"id":22853,"href":"https:\/\/entretormentas.com\/index.php?rest_route=\/wp\/v2\/posts\/22850\/revisions\/22853"}],"wp:featuredmedia":[{"embeddable":true,"href":"https:\/\/entretormentas.com\/index.php?rest_route=\/wp\/v2\/media\/22852"}],"wp:attachment":[{"href":"https:\/\/entretormentas.com\/index.php?rest_route=%2Fwp%2Fv2%2Fmedia&parent=22850"}],"wp:term":[{"taxonomy":"category","embeddable":true,"href":"https:\/\/entretormentas.com\/index.php?rest_route=%2Fwp%2Fv2%2Fcategories&post=22850"},{"taxonomy":"post_tag","embeddable":true,"href":"https:\/\/entretormentas.com\/index.php?rest_route=%2Fwp%2Fv2%2Ftags&post=22850"}],"curies":[{"name":"wp","href":"https:\/\/api.w.org\/{rel}","templated":true}]}}