{"id":22854,"date":"2025-10-05T20:23:19","date_gmt":"2025-10-06T00:23:19","guid":{"rendered":"https:\/\/entretormentas.com\/?p=22854"},"modified":"2025-10-05T20:23:20","modified_gmt":"2025-10-06T00:23:20","slug":"para-la-defensa-de-la-nacion-alcalde-hector-soto-encabeza-encuentro-con-organismos-de-seguridad","status":"publish","type":"post","link":"https:\/\/entretormentas.com\/para-la-defensa-de-la-nacion-alcalde-hector-soto-encabeza-encuentro-con-organismos-de-seguridad\/","title":{"rendered":"\u00a1PARA LA DEFENSA DE LA NACI\u00d3N! Alcalde H\u00e9ctor Soto encabeza encuentro con organismos de seguridad"},"content":{"rendered":"\n<p><strong>ENTRE TORMENTAS.<\/strong> El Alcalde de San Francisco, H\u00e9ctor Soto, acompa\u00f1ado por la Fuerza Armada Nacional Bolivariana, la Milicia Nacional Bolivariana, Seguridad Ciudadana y el Poder Popular, sostuvo un encuentro de car\u00e1cter organizativo, orientando al fortalecimiento del mando, la conducci\u00f3n y la comunicaci\u00f3n de estos, para la defensa de la Naci\u00f3n ante los ataques imperialistas.<\/p>\n\n\n\n<figure class=\"wp-block-image size-large\"><img fetchpriority=\"high\" decoding=\"async\" width=\"1024\" height=\"682\" src=\"https:\/\/entretormentas.com\/wp-content\/uploads\/2025\/10\/comandohector2-1024x682.jpg\" alt=\"\" class=\"wp-image-22855\" srcset=\"https:\/\/entretormentas.com\/wp-content\/uploads\/2025\/10\/comandohector2-1024x682.jpg 1024w, https:\/\/entretormentas.com\/wp-content\/uploads\/2025\/10\/comandohector2-300x200.jpg 300w, https:\/\/entretormentas.com\/wp-content\/uploads\/2025\/10\/comandohector2-768x511.jpg 768w, https:\/\/entretormentas.com\/wp-content\/uploads\/2025\/10\/comandohector2.jpg 1280w\" sizes=\"(max-width: 1024px) 100vw, 1024px\" \/><\/figure>\n\n\n\n<p>El alcalde Soto expres\u00f3: \u201cMi comandante en jefe, Nicol\u00e1s Maduro Moro, cuente con el pueblo de San Francisco, un pueblo consciente, disciplinado y en alerta. Desde los 26 circuitos comunales, estamos creando las condiciones desde el punto de vista comunicacional necesarias para poder abordar cualquier escenario que as\u00ed lo requiera. Orgullosos estamos de vivir en Venezuela, cuna de Bol\u00edvar y de nuestro comandante Hugo Ch\u00e1vez\u201d.<\/p>\n\n\n\n<p>Durante este ejercicio, el l\u00edder municipal realiz\u00f3 un enlace con los centros de mando, donde se encontraba el Gobernador de la entidad, Luis Caldera, ya que estas movilizaciones se unen al Plan Nacional en pro de la defensa de la soberan\u00eda. La actividad llev\u00f3 por nombre \u201cEn Defensa de Maduro, Vamos al Combate Ahora\u201d.<\/p>\n\n\n\n<figure class=\"wp-block-image size-large\"><img decoding=\"async\" width=\"1024\" height=\"682\" src=\"https:\/\/entretormentas.com\/wp-content\/uploads\/2025\/10\/comandohector3-1024x682.jpg\" alt=\"\" class=\"wp-image-22856\" srcset=\"https:\/\/entretormentas.com\/wp-content\/uploads\/2025\/10\/comandohector3-1024x682.jpg 1024w, https:\/\/entretormentas.com\/wp-content\/uploads\/2025\/10\/comandohector3-300x200.jpg 300w, https:\/\/entretormentas.com\/wp-content\/uploads\/2025\/10\/comandohector3-768x511.jpg 768w, https:\/\/entretormentas.com\/wp-content\/uploads\/2025\/10\/comandohector3.jpg 1280w\" sizes=\"(max-width: 1024px) 100vw, 1024px\" \/><\/figure>\n\n\n\n<p>A su vez, se destac\u00f3 que en el territorio municipal se encuentran dispuestas 26 unidades comunales de milicia, 77 bases populares de defensa integral y 128 unidades populares, totalmente adiestradas para la defensa de la patria.<\/p>\n\n\n\n<p>Estas actividades confirman la lealtad del municipio San Francisco por la Soberan\u00eda de Venezuela, activando los distintos cuerpos de seguridad quienes, en alianza c\u00edvico-militar, construyen, de la mano del presidente Maduro, el gobernador Caldera y el alcalde Soto, un pa\u00eds donde prevalezcan la paz, la democracia y la libertad.<br><strong><em>ET \/ Prensa Alcald\u00eda de San Francisco<\/em><\/strong><\/p>\n","protected":false},"excerpt":{"rendered":"<p>ENTRE TORMENTAS. El Alcalde de San Francisco, H\u00e9ctor Soto, acompa\u00f1ado por la Fuerza Armada Nacional&#8230;<\/p>\n","protected":false},"author":2,"featured_media":22857,"comment_status":"closed","ping_status":"open","sticky":false,"template":"","format":"standard","meta":{"footnotes":""},"categories":[57,1],"tags":[],"class_list":["post-22854","post","type-post","status-publish","format-standard","has-post-thumbnail","hentry","category-actualidad","category-regionales"],"_links":{"self":[{"href":"https:\/\/entretormentas.com\/index.php?rest_route=\/wp\/v2\/posts\/22854","targetHints":{"allow":["GET"]}}],"collection":[{"href":"https:\/\/entretormentas.com\/index.php?rest_route=\/wp\/v2\/posts"}],"about":[{"href":"https:\/\/entretormentas.com\/index.php?rest_route=\/wp\/v2\/types\/post"}],"author":[{"embeddable":true,"href":"https:\/\/entretormentas.com\/index.php?rest_route=\/wp\/v2\/users\/2"}],"replies":[{"embeddable":true,"href":"https:\/\/entretormentas.com\/index.php?rest_route=%2Fwp%2Fv2%2Fcomments&post=22854"}],"version-history":[{"count":1,"href":"https:\/\/entretormentas.com\/index.php?rest_route=\/wp\/v2\/posts\/22854\/revisions"}],"predecessor-version":[{"id":22858,"href":"https:\/\/entretormentas.com\/index.php?rest_route=\/wp\/v2\/posts\/22854\/revisions\/22858"}],"wp:featuredmedia":[{"embeddable":true,"href":"https:\/\/entretormentas.com\/index.php?rest_route=\/wp\/v2\/media\/22857"}],"wp:attachment":[{"href":"https:\/\/entretormentas.com\/index.php?rest_route=%2Fwp%2Fv2%2Fmedia&parent=22854"}],"wp:term":[{"taxonomy":"category","embeddable":true,"href":"https:\/\/entretormentas.com\/index.php?rest_route=%2Fwp%2Fv2%2Fcategories&post=22854"},{"taxonomy":"post_tag","embeddable":true,"href":"https:\/\/entretormentas.com\/index.php?rest_route=%2Fwp%2Fv2%2Ftags&post=22854"}],"curies":[{"name":"wp","href":"https:\/\/api.w.org\/{rel}","templated":true}]}}