{"id":22859,"date":"2025-10-05T20:29:41","date_gmt":"2025-10-06T00:29:41","guid":{"rendered":"https:\/\/entretormentas.com\/?p=22859"},"modified":"2025-10-05T20:29:42","modified_gmt":"2025-10-06T00:29:42","slug":"espacio-renovado-fiesta-cultural-en-la-plaza-el-jazmin-recuperada-por-la-alcaldia-de-maracaibo","status":"publish","type":"post","link":"https:\/\/entretormentas.com\/espacio-renovado-fiesta-cultural-en-la-plaza-el-jazmin-recuperada-por-la-alcaldia-de-maracaibo\/","title":{"rendered":"\u00a1ESPACIO RENOVADO! Fiesta cultural en la Plaza El Jazm\u00edn recuperada por la Alcald\u00eda de Maracaibo"},"content":{"rendered":"\n<p><strong>ENTRE TORMENTAS.<\/strong> Una aut\u00e9ntica fiesta comunitaria: alegre y bulliciosa. Eso fue la reinauguraci\u00f3n de la Plaza El Jazm\u00edn, la noche del viernes 3 de octubre, cuando los vecinos de la urbanizaci\u00f3n hom\u00f3nima celebraron con deporte, danza, bailes y gaita la recuperaci\u00f3n total de este espacio de recreaci\u00f3n, llevado a cabo por Giancarlo Di Martino al frente de la Alcald\u00eda de Maracaibo.<\/p>\n\n\n\n<p>Y es que este parque, abandonado y rodeado de basura los \u00faltimos 10 a\u00f1os, fue rescatado como parte del plan que ejecuta el alcalde \u2013desde su primer d\u00eda de gesti\u00f3n- para devolver a los marabinos sus sitios de encuentro y esparcimiento.<\/p>\n\n\n\n<figure class=\"wp-block-image size-large\"><img fetchpriority=\"high\" decoding=\"async\" width=\"1024\" height=\"683\" src=\"https:\/\/entretormentas.com\/wp-content\/uploads\/2025\/10\/jazmin2-1024x683.jpg\" alt=\"\" class=\"wp-image-22860\" srcset=\"https:\/\/entretormentas.com\/wp-content\/uploads\/2025\/10\/jazmin2-1024x683.jpg 1024w, https:\/\/entretormentas.com\/wp-content\/uploads\/2025\/10\/jazmin2-300x200.jpg 300w, https:\/\/entretormentas.com\/wp-content\/uploads\/2025\/10\/jazmin2-768x512.jpg 768w, https:\/\/entretormentas.com\/wp-content\/uploads\/2025\/10\/jazmin2.jpg 1280w\" sizes=\"(max-width: 1024px) 100vw, 1024px\" \/><\/figure>\n\n\n\n<p>Junto a \u00e9sta, tambi\u00e9n fue entregada a sus vecinos el viernes 3 de octubre la plaza Delia Huerta, en la parroquia Caracciolo Parra P\u00e9rez, completamente recuperada por la municipalidad bolivariana.<\/p>\n\n\n\n<p><strong>COMPARTIR EN FAMILIA<\/strong><br>Renzo Padr\u00f3n, l\u00edder comunitario de \u2018Rotaria I\u2019, del circuito comunal n\u00famero dos, agradeci\u00f3 al alcalde Di Martino por recuperar la plaza El Jazm\u00edn.<\/p>\n\n\n\n<p>\u201cEsta obra viene a promover la actividad f\u00edsica y recreativa de toda la comunidad. Estos espacios que la Alcald\u00eda viene rehabilitando, le da oportunidad a los vecinos para que puedan distraerse, compartir en familia, alejar a los ni\u00f1os de la delincuencia y las drogas. Esto es lo que queremos, que esto sea el reflejo de lo que debe pasar en toda Maracaibo\u201d, dijo el dirigente comunitario.<\/p>\n\n\n\n<p>Otro que estaba contento con la recuperaci\u00f3n de la cancha de El Jazm\u00edn era el joven deportista Guillermo Pi\u00f1a, de 16 a\u00f1os, residente de \u2018Ra\u00fal Leoni\u2019. \u201cLa cancha est\u00e1 s\u00faper bien, hicieron muy buen trabajo\u201d, dijo Pi\u00f1a, quien expres\u00f3 su alegr\u00eda por poder volver a jugar baloncesto con su equipo de Los Modines en la cancha recuperada por la Alcald\u00eda.<\/p>\n\n\n\n<figure class=\"wp-block-image size-large\"><img decoding=\"async\" width=\"1024\" height=\"683\" src=\"https:\/\/entretormentas.com\/wp-content\/uploads\/2025\/10\/jazmin3-1024x683.jpg\" alt=\"\" class=\"wp-image-22861\" srcset=\"https:\/\/entretormentas.com\/wp-content\/uploads\/2025\/10\/jazmin3-1024x683.jpg 1024w, https:\/\/entretormentas.com\/wp-content\/uploads\/2025\/10\/jazmin3-300x200.jpg 300w, https:\/\/entretormentas.com\/wp-content\/uploads\/2025\/10\/jazmin3-768x512.jpg 768w, https:\/\/entretormentas.com\/wp-content\/uploads\/2025\/10\/jazmin3.jpg 1280w\" sizes=\"(max-width: 1024px) 100vw, 1024px\" \/><\/figure>\n\n\n\n<p>Durante el acto de reinauguraci\u00f3n, los ni\u00f1os de la agrupaci\u00f3n Patio Zuliano pusieron a bailar a los vecinos con el contagiante ritmo de nuestra gaita. Tambi\u00e9n hubo una demostraci\u00f3n de f\u00fatbol sala de los miembros de la escuela Le\u00f3n de Jud\u00e1, y la vistosa actuaci\u00f3n de las ni\u00f1as y j\u00f3venes de los grupos de danza El Caujil y La Rosaleda.<\/p>\n\n\n\n<p><strong>EL ALMA DE LA CIUDAD<\/strong><br>\u201cLas plazas p\u00fablicas son el alma de la ciudad, de la gente que vive en ella. Por eso el alcalde nos dio instrucciones precisas de hacer estos abordajes y ha establecido como una de las prioridades de su programa de gobierno el rescate de los sitios de esparcimiento p\u00fablicos\u201d, dijo Namik Torres, director del Servicio Desconcentrado de Plazas y Parques (Sedepar), adscrito a la Alcald\u00eda de Maracaibo.<\/p>\n\n\n\n<p>\u201cEn nuestra ciudad hay 280 plazas. Siguiendo las instrucciones de nuestro alcalde Di Martino, hemos abordado hasta ahora 42, de las que ya hemos entregado 12\u201d en solo dos meses de gesti\u00f3n municipal, indic\u00f3 el funcionario.<\/p>\n\n\n\n<p>\u201cEn el caso de la Plaza El Jazm\u00edn, los trabajos consistieron en colocar nuevo engramado, restaurar las \u00e1reas sociales y pasillos, tala de \u00e1rboles que estaban secos producto del abandono. Se pint\u00f3 toda la plaza y se coloc\u00f3 un nuevo sistema de iluminaci\u00f3n. El alcalde Di Martino reactiv\u00f3 el sistema de riego completo, desde el tanque hasta los \u2018gallitos\u2019 de riego, y eso incluy\u00f3 la automatizaci\u00f3n de este sistema, que ahora va a encender y apagar la bomba autom\u00e1ticamente\u201d, describi\u00f3 Torres.<\/p>\n\n\n\n<figure class=\"wp-block-image size-large\"><img decoding=\"async\" width=\"1024\" height=\"683\" src=\"https:\/\/entretormentas.com\/wp-content\/uploads\/2025\/10\/jazmin4-1024x683.jpg\" alt=\"\" class=\"wp-image-22862\" srcset=\"https:\/\/entretormentas.com\/wp-content\/uploads\/2025\/10\/jazmin4-1024x683.jpg 1024w, https:\/\/entretormentas.com\/wp-content\/uploads\/2025\/10\/jazmin4-300x200.jpg 300w, https:\/\/entretormentas.com\/wp-content\/uploads\/2025\/10\/jazmin4-768x512.jpg 768w, https:\/\/entretormentas.com\/wp-content\/uploads\/2025\/10\/jazmin4.jpg 1280w\" sizes=\"(max-width: 1024px) 100vw, 1024px\" \/><\/figure>\n\n\n\n<p>El director del Sedepar destac\u00f3 la recuperaci\u00f3n de la cancha techada de la plaza. \u201cPintamos y reacondicionamos la cancha, que estaba tambi\u00e9n en completo abandono, expuesta a la intemperie y, por supuesto, deteriorada por efecto de los elementos. Se pusieron tableros nuevos y se rescat\u00f3 la cerca de estambre\u201d.<\/p>\n\n\n\n<p>Insisti\u00f3 en que \u201cla modernizaci\u00f3n de las plazas es un objetivo principal y primordial del alcalde Di Martino\u201d.<\/p>\n\n\n\n<p>\u201cEsto no es un regalo, es un derecho de la comunidad y el Alcalde est\u00e1 cumpliendo a cabalidad con su deber de atender y hacer valer, como conserje de la ciudad, los derechos de las comunidades\u201d.<br>Por su parte, Liuba Colmenares, directora de planificaci\u00f3n y desarrollo organizacional de la Alcald\u00eda Bolivariana de Maracaibo y enlace pol\u00ectico parroquial del PSUV, resalt\u00f3: \u201cDespu\u00e9s de muchos a\u00f1os de abandono, el Alcalde vuelve a recuperar esta plaza, que cuenta con espacios deportivos para toda la comunidad: f\u00fatbol de sala, baloncesto, bolas criollas; todo para el disfrute de los 62 sectores de esta parroquia. Hoy la comunidad y el poder comunal unidos, demuestran que juntos podemos rescatar los espacios para la recreaci\u00f3n\u201d.<br><strong><em>ET \/ Prensa Alcald\u00eda de Maracaibo<\/em><\/strong><\/p>\n\n\n\n<p><\/p>\n","protected":false},"excerpt":{"rendered":"<p>ENTRE TORMENTAS. Una aut\u00e9ntica fiesta comunitaria: alegre y bulliciosa. Eso fue la reinauguraci\u00f3n de la&#8230;<\/p>\n","protected":false},"author":2,"featured_media":22863,"comment_status":"closed","ping_status":"open","sticky":false,"template":"","format":"standard","meta":{"footnotes":""},"categories":[57,1],"tags":[],"class_list":["post-22859","post","type-post","status-publish","format-standard","has-post-thumbnail","hentry","category-actualidad","category-regionales"],"_links":{"self":[{"href":"https:\/\/entretormentas.com\/index.php?rest_route=\/wp\/v2\/posts\/22859","targetHints":{"allow":["GET"]}}],"collection":[{"href":"https:\/\/entretormentas.com\/index.php?rest_route=\/wp\/v2\/posts"}],"about":[{"href":"https:\/\/entretormentas.com\/index.php?rest_route=\/wp\/v2\/types\/post"}],"author":[{"embeddable":true,"href":"https:\/\/entretormentas.com\/index.php?rest_route=\/wp\/v2\/users\/2"}],"replies":[{"embeddable":true,"href":"https:\/\/entretormentas.com\/index.php?rest_route=%2Fwp%2Fv2%2Fcomments&post=22859"}],"version-history":[{"count":1,"href":"https:\/\/entretormentas.com\/index.php?rest_route=\/wp\/v2\/posts\/22859\/revisions"}],"predecessor-version":[{"id":22864,"href":"https:\/\/entretormentas.com\/index.php?rest_route=\/wp\/v2\/posts\/22859\/revisions\/22864"}],"wp:featuredmedia":[{"embeddable":true,"href":"https:\/\/entretormentas.com\/index.php?rest_route=\/wp\/v2\/media\/22863"}],"wp:attachment":[{"href":"https:\/\/entretormentas.com\/index.php?rest_route=%2Fwp%2Fv2%2Fmedia&parent=22859"}],"wp:term":[{"taxonomy":"category","embeddable":true,"href":"https:\/\/entretormentas.com\/index.php?rest_route=%2Fwp%2Fv2%2Fcategories&post=22859"},{"taxonomy":"post_tag","embeddable":true,"href":"https:\/\/entretormentas.com\/index.php?rest_route=%2Fwp%2Fv2%2Ftags&post=22859"}],"curies":[{"name":"wp","href":"https:\/\/api.w.org\/{rel}","templated":true}]}}