{"id":22870,"date":"2025-10-05T20:41:24","date_gmt":"2025-10-06T00:41:24","guid":{"rendered":"https:\/\/entretormentas.com\/?p=22870"},"modified":"2025-10-05T20:41:25","modified_gmt":"2025-10-06T00:41:25","slug":"a-casi-un-siglo-de-su-construccion-alcaldia-de-maracaibo-avanza-en-la-recuperacion-de-villa-carmen","status":"publish","type":"post","link":"https:\/\/entretormentas.com\/a-casi-un-siglo-de-su-construccion-alcaldia-de-maracaibo-avanza-en-la-recuperacion-de-villa-carmen\/","title":{"rendered":"\u00a1A CASI UN SIGLO DE SU CONSTRUCCI\u00d3N! Alcald\u00eda de Maracaibo avanza en la recuperaci\u00f3n de Villa Carmen"},"content":{"rendered":"\n<p><strong>ENTRE TORMENTAS.<\/strong> La Alcald\u00eda de Maracaibo ejecuta trabajos de rehabilitaci\u00f3n en Villa Carmen, la emblem\u00e1tica casona ubicada entre las calles 75 y 76 de la avenida 4 Bella Vista.<\/p>\n\n\n\n<p>Desde hace cuatro semanas se desarrollan labores de restauraci\u00f3n para rescatar este importante patrimonio hist\u00f3rico y cultural de la ciudad, seg\u00fan informaci\u00f3n aportada por el ingeniero Harry Barreto, responsable de la obra.<\/p>\n\n\n\n<p>A casi un siglo de su construcci\u00f3n, Villa Carmen vuelve a cobrar vida. \u201cRepresenta un patrimonio hist\u00f3rico y cultural de nuestra ciudad que hoy rescatamos para los marabinos\u201d, destac\u00f3 Ana Clara de Di Martino, primera dama del municipio y Directora de Desarrollo Social.<\/p>\n\n\n\n<figure class=\"wp-block-image size-large\"><img fetchpriority=\"high\" decoding=\"async\" width=\"1024\" height=\"682\" src=\"https:\/\/entretormentas.com\/wp-content\/uploads\/2025\/10\/VILLACARMEN2-1024x682.jpg\" alt=\"\" class=\"wp-image-22871\" srcset=\"https:\/\/entretormentas.com\/wp-content\/uploads\/2025\/10\/VILLACARMEN2-1024x682.jpg 1024w, https:\/\/entretormentas.com\/wp-content\/uploads\/2025\/10\/VILLACARMEN2-300x200.jpg 300w, https:\/\/entretormentas.com\/wp-content\/uploads\/2025\/10\/VILLACARMEN2-768x511.jpg 768w, https:\/\/entretormentas.com\/wp-content\/uploads\/2025\/10\/VILLACARMEN2.jpg 1080w\" sizes=\"(max-width: 1024px) 100vw, 1024px\" \/><\/figure>\n\n\n\n<p><strong>TRABAJOS EN EJECUCI\u00d3N<\/strong><br>Barreto explic\u00f3 que los trabajos incluyen pintura interna y externa, impermeabilizaci\u00f3n, reparaciones en los sistemas de aire acondicionado, electricidad, plomer\u00eda y luminarias.<\/p>\n\n\n\n<p>Precis\u00f3 que la rehabilitaci\u00f3n presenta un 60% de avance y se estima su culminaci\u00f3n y entrega en dos o tres semanas.<\/p>\n\n\n\n<p>Un total de 25 personas participan en las labores: 22 obreros, dos maestros de pintura y un supervisor. \u00abEl objetivo es que los espacios de Villa Carmen sean aprovechados para actividades institucionales de la Alcald\u00eda Bolivariana de Maracaibo\u00bb, detall\u00f3 Barboza de Di Martino.<\/p>\n\n\n\n<p><strong>JOYA HIST\u00d3RICA Y ARQUITECT\u00d3NICA<\/strong><br>Villa Carmen fue construida en 1926 por el ingeniero Pedro Roveda para el se\u00f1or Ulises Pardi, en terrenos adquiridos a la Compa\u00f1\u00eda An\u00f3nima Tranv\u00edas de Bella Vista.<\/p>\n\n\n\n<p>La vivienda-nombrada en honor a do\u00f1a Carmen de Pardi-, introdujo un novedoso estilo arquitect\u00f3nico que contrastaba tanto con la vivienda en hilera o las casas tradicionales zulianas.<\/p>\n\n\n\n<p>Su dise\u00f1o aplic\u00f3 c\u00f3digos historicistas de influencia palladiana, fusionando elementos decorativos y constructivos que dieron como resultado una edificaci\u00f3n de gran riqueza formal.<\/p>\n\n\n\n<p>Destacan sus espacios amplios y proporcionados, un \u00e1rea central a doble altura y una imponente c\u00fapula que corona la estructura.<\/p>\n\n\n\n<figure class=\"wp-block-image size-large\"><img decoding=\"async\" width=\"1024\" height=\"683\" src=\"https:\/\/entretormentas.com\/wp-content\/uploads\/2025\/10\/VILLACARMEN3-1024x683.jpg\" alt=\"\" class=\"wp-image-22872\" srcset=\"https:\/\/entretormentas.com\/wp-content\/uploads\/2025\/10\/VILLACARMEN3-1024x683.jpg 1024w, https:\/\/entretormentas.com\/wp-content\/uploads\/2025\/10\/VILLACARMEN3-300x200.jpg 300w, https:\/\/entretormentas.com\/wp-content\/uploads\/2025\/10\/VILLACARMEN3-768x512.jpg 768w, https:\/\/entretormentas.com\/wp-content\/uploads\/2025\/10\/VILLACARMEN3.jpg 1080w\" sizes=\"(max-width: 1024px) 100vw, 1024px\" \/><\/figure>\n\n\n\n<p><strong>PATRIMONIO CULTURAL DEL ZULIA<\/strong><br>En cuanto a su historia nos refiere la primera dama que &#8216;en 1940 Villa Carmen fue adquirida por Rafael Urdaneta Atencio hasta el a\u00f1o 2000, cuando se incorpor\u00f3 al inventario del patrimonio cultural del Zulia (c\u00f3digo BI: 069.007) y en el 2002, pas\u00f3 a ser propiedad de la Alcald\u00eda de Maracaibo\u00bb.<\/p>\n\n\n\n<p>Entre 2003 y 2005 recibi\u00f3 trabajos de consolidaci\u00f3n estructural y adecuaci\u00f3n para su uso institucional. En 2005, durante su primera gesti\u00f3n y bajo el decreto 095, el alcalde Giancarlo Di Martino design\u00f3 a Villa Carmen como Casa de Gobierno Municipal.<\/p>\n\n\n\n<p>Destac\u00f3 la directora de Desarrollo Social que \u00abesta majestuosa edificaci\u00f3n se mantiene como un referente hist\u00f3rico y arquitect\u00f3nico, rodeada de frondosos \u00e1rboles que realzan su valor visual y ambiental en medio de la diversidad urban\u00edstica de Bella Vista\u00bb.<br><strong><em>ET \/ Prensa Alcald\u00eda de Maracaibo<\/em><\/strong><\/p>\n\n\n\n<p><\/p>\n","protected":false},"excerpt":{"rendered":"<p>ENTRE TORMENTAS. La Alcald\u00eda de Maracaibo ejecuta trabajos de rehabilitaci\u00f3n en Villa Carmen, la emblem\u00e1tica&#8230;<\/p>\n","protected":false},"author":2,"featured_media":22873,"comment_status":"closed","ping_status":"open","sticky":false,"template":"","format":"standard","meta":{"footnotes":""},"categories":[57,1],"tags":[],"class_list":["post-22870","post","type-post","status-publish","format-standard","has-post-thumbnail","hentry","category-actualidad","category-regionales"],"_links":{"self":[{"href":"https:\/\/entretormentas.com\/index.php?rest_route=\/wp\/v2\/posts\/22870","targetHints":{"allow":["GET"]}}],"collection":[{"href":"https:\/\/entretormentas.com\/index.php?rest_route=\/wp\/v2\/posts"}],"about":[{"href":"https:\/\/entretormentas.com\/index.php?rest_route=\/wp\/v2\/types\/post"}],"author":[{"embeddable":true,"href":"https:\/\/entretormentas.com\/index.php?rest_route=\/wp\/v2\/users\/2"}],"replies":[{"embeddable":true,"href":"https:\/\/entretormentas.com\/index.php?rest_route=%2Fwp%2Fv2%2Fcomments&post=22870"}],"version-history":[{"count":1,"href":"https:\/\/entretormentas.com\/index.php?rest_route=\/wp\/v2\/posts\/22870\/revisions"}],"predecessor-version":[{"id":22874,"href":"https:\/\/entretormentas.com\/index.php?rest_route=\/wp\/v2\/posts\/22870\/revisions\/22874"}],"wp:featuredmedia":[{"embeddable":true,"href":"https:\/\/entretormentas.com\/index.php?rest_route=\/wp\/v2\/media\/22873"}],"wp:attachment":[{"href":"https:\/\/entretormentas.com\/index.php?rest_route=%2Fwp%2Fv2%2Fmedia&parent=22870"}],"wp:term":[{"taxonomy":"category","embeddable":true,"href":"https:\/\/entretormentas.com\/index.php?rest_route=%2Fwp%2Fv2%2Fcategories&post=22870"},{"taxonomy":"post_tag","embeddable":true,"href":"https:\/\/entretormentas.com\/index.php?rest_route=%2Fwp%2Fv2%2Ftags&post=22870"}],"curies":[{"name":"wp","href":"https:\/\/api.w.org\/{rel}","templated":true}]}}