{"id":22880,"date":"2025-10-05T20:51:03","date_gmt":"2025-10-06T00:51:03","guid":{"rendered":"https:\/\/entretormentas.com\/?p=22880"},"modified":"2025-10-05T20:51:03","modified_gmt":"2025-10-06T00:51:03","slug":"desde-la-alcaldia-de-maracaibo-un-total-de-258-mascotas-esterilizadas-en-nueva-jornada-castralat-2025","status":"publish","type":"post","link":"https:\/\/entretormentas.com\/desde-la-alcaldia-de-maracaibo-un-total-de-258-mascotas-esterilizadas-en-nueva-jornada-castralat-2025\/","title":{"rendered":"\u00a1DESDE LA ALCALD\u00cdA DE MARACAIBO! Un total de 258 mascotas esterilizadas en nueva jornada \u201cCastralat 2025\u201d"},"content":{"rendered":"\n<p><strong>ENTRE TORMENTAS. <\/strong>Este s\u00e1bado, en el D\u00eda Mundial de las Mascotas y en aras de fomentar la tenencia responsable y el bienestar de los animales, la Alcald\u00eda de Maracaibo, a trav\u00e9s del Instituto Municipal de Protecci\u00f3n Animal (IMPA), se sum\u00f3 a la IV Jornada de Esterilizaci\u00f3n Masiva \u201cCastralat 2025\u201d realizando la esterilizaci\u00f3n de 258 mascotas entre gatos y perros.<\/p>\n\n\n\n<p>Bajo el slogan \u201cJuntos Podemos\u201d 18 pa\u00edses participaron de manera simult\u00e1nea en esta jornada masiva de esterilizaci\u00f3n, realizada en la Plaza Para Todos, ubicada en la parroquia Idelfonso V\u00e1squez, con el objetivo de reducir significativamente el abandono de perros y gatos, as\u00ed como tambi\u00e9n, controlar la sobreprotecci\u00f3n y fomentar la tenencia responsable de animales.<\/p>\n\n\n\n<p>La directora de Desarrollo Social y Primera Dama del municipio, Ana Clara Barboza de Di Martino, acompa\u00f1\u00f3 la jornada en apoyo a esta celebraci\u00f3n que adem\u00e1s coincide con el patrono de los animales, San Francisco de As\u00eds, tal como lo refiri\u00f3 \u201cno solo estamos trabajando para nuestros ciudadanos y ciudadanas, tambi\u00e9n estamos trabajando con amor para nuestras mascotas. A trav\u00e9s de esta jornada masiva de castraci\u00f3n estamos cumpliendo con la higiene ambiental\u201d.<\/p>\n\n\n\n<figure class=\"wp-block-image size-large\"><img fetchpriority=\"high\" decoding=\"async\" width=\"1024\" height=\"469\" src=\"https:\/\/entretormentas.com\/wp-content\/uploads\/2025\/10\/CASTRADOS2-1024x469.jpg\" alt=\"\" class=\"wp-image-22881\" srcset=\"https:\/\/entretormentas.com\/wp-content\/uploads\/2025\/10\/CASTRADOS2-1024x469.jpg 1024w, https:\/\/entretormentas.com\/wp-content\/uploads\/2025\/10\/CASTRADOS2-300x138.jpg 300w, https:\/\/entretormentas.com\/wp-content\/uploads\/2025\/10\/CASTRADOS2-768x352.jpg 768w, https:\/\/entretormentas.com\/wp-content\/uploads\/2025\/10\/CASTRADOS2.jpg 1080w\" sizes=\"(max-width: 1024px) 100vw, 1024px\" \/><\/figure>\n\n\n\n<p>\u201cLa intenci\u00f3n es que este tipo de programas contin\u00faen realiz\u00e1ndose como parte de nuestras funciones y nuestra responsabilidad ante lo que es el tema de la protecci\u00f3n de los animales en el municipio Maracaibo\u201d, enfatiz\u00f3 Barboza de Di Martino.<\/p>\n\n\n\n<p>Por su parte, la m\u00e9dica veterinaria y Presidenta del IMPA, Nohelia Parra, expres\u00f3 que en esta jornada se realiz\u00f3 el proceso quir\u00fargico de esterilizaci\u00f3n de 239 felinos y 19 caninos, \u201clo que nos lleva a controlar la sobrepoblaci\u00f3n de animales en nuestro municipio, garantizando as\u00ed, el bienestar de las mascotas\u201d.<\/p>\n\n\n\n<p>Entretanto, la m\u00e9dica veterinaria y Coordinadora de Castralat en el Estado Zulia, Teresita Hern\u00e1ndez, dijo que \u201cdesde las instalaciones del IMPA, estamos celebrando el D\u00eda Mundial de los Animales realizando esta hermosa jornada de esterilizaci\u00f3n masiva por el bienestar de las mascotas y as\u00ed contribuir contra la sobrepoblaci\u00f3n\u201d.<\/p>\n\n\n\n<p>Hern\u00e1ndez precis\u00f3 que la jornada se realiza simult\u00e1neamente en el resto de los municipios del estado Zulia en conjunto con Misi\u00f3n Nevado y otras organizaciones involucradas.<\/p>\n\n\n\n<p>Evis \u00c1lvarez, proteccionista animal y habitante de la comunidad \u201cLas Acacias\u201d, de la parroquia Francisco Eugenio Bustamante, hizo un llamado a los marabinos sobre la responsabilidad adquirida cuando se tienen mascotas en el hogar. \u201cLa esterilizaci\u00f3n es lo m\u00e1s importante. El llamado es a la comunidad, para que tomen conciencia en la esterilizaci\u00f3n de los animales, porque ellos son muy maltratados y muchas veces abandonados. \u00a1No compren mascotas, adopten!\u00bb, precis\u00f3 Evis \u00c1lvarez.<\/p>\n\n\n\n<figure class=\"wp-block-image size-large\"><img decoding=\"async\" width=\"683\" height=\"1024\" src=\"https:\/\/entretormentas.com\/wp-content\/uploads\/2025\/10\/CASTRADOS3-683x1024.jpg\" alt=\"\" class=\"wp-image-22882\" srcset=\"https:\/\/entretormentas.com\/wp-content\/uploads\/2025\/10\/CASTRADOS3-683x1024.jpg 683w, https:\/\/entretormentas.com\/wp-content\/uploads\/2025\/10\/CASTRADOS3-200x300.jpg 200w, https:\/\/entretormentas.com\/wp-content\/uploads\/2025\/10\/CASTRADOS3.jpg 720w\" sizes=\"(max-width: 683px) 100vw, 683px\" \/><\/figure>\n\n\n\n<p>Edgar L\u00f3pez, habitante de la parroquia Bol\u00edvar, agradeci\u00f3 a la Alcald\u00eda de Maracaibo y al IMPA por llevar a cabo este tipo de jornadas dirigidas especialmente para los animales. \u201cLo m\u00e1s importante son estos ni\u00f1os (dijo se\u00f1alando dos gatitos) que forman parte de nuestra familia. Agradecido con la alcald\u00eda por todo esto que est\u00e1n haciendo\u201d.<\/p>\n\n\n\n<p><strong>MI\u00c9RCOLES Y JUEVES DE ESTERILIZACI\u00d3N<\/strong><br>\u201cGracias a una campa\u00f1a realizada en redes sociales sobre la esterilizaci\u00f3n masiva Castralat 2025, se logr\u00f3 abarcar la disponibilidad de cupos que indica la organizaci\u00f3n, sin embargo, en vista de la alta demanda para esta jornada, decidimos habilitar para el pr\u00f3ximo mi\u00e9rcoles 8 y jueves 9 de octubre desde las 8:00 am procesos quir\u00fargicos para felinos y caninos, dando respuesta a las peticiones hechas por nuestra colectividad marabina\u201d, detall\u00f3 la Presidenta del IMPA.<\/p>\n\n\n\n<p>Por \u00faltimo, es importante destacar que la jornada transcendi\u00f3 con normalidad y con mucha afluencia de personas abocadas a la protecci\u00f3n y bienestar animal dentro del municipio, promoviendo el compromiso firme del alcalde Giancarlo Di Martino, en promover y fomentar la tenencia responsable y cuidado de los animales en la ciudad.<br><strong><em>ET \/ Prensa Alcald\u00eda de Maracaibo<\/em><\/strong><\/p>\n\n\n\n<p><\/p>\n","protected":false},"excerpt":{"rendered":"<p>ENTRE TORMENTAS. Este s\u00e1bado, en el D\u00eda Mundial de las Mascotas y en aras de&#8230;<\/p>\n","protected":false},"author":2,"featured_media":22883,"comment_status":"closed","ping_status":"open","sticky":false,"template":"","format":"standard","meta":{"footnotes":""},"categories":[57,1],"tags":[],"class_list":["post-22880","post","type-post","status-publish","format-standard","has-post-thumbnail","hentry","category-actualidad","category-regionales"],"_links":{"self":[{"href":"https:\/\/entretormentas.com\/index.php?rest_route=\/wp\/v2\/posts\/22880","targetHints":{"allow":["GET"]}}],"collection":[{"href":"https:\/\/entretormentas.com\/index.php?rest_route=\/wp\/v2\/posts"}],"about":[{"href":"https:\/\/entretormentas.com\/index.php?rest_route=\/wp\/v2\/types\/post"}],"author":[{"embeddable":true,"href":"https:\/\/entretormentas.com\/index.php?rest_route=\/wp\/v2\/users\/2"}],"replies":[{"embeddable":true,"href":"https:\/\/entretormentas.com\/index.php?rest_route=%2Fwp%2Fv2%2Fcomments&post=22880"}],"version-history":[{"count":1,"href":"https:\/\/entretormentas.com\/index.php?rest_route=\/wp\/v2\/posts\/22880\/revisions"}],"predecessor-version":[{"id":22884,"href":"https:\/\/entretormentas.com\/index.php?rest_route=\/wp\/v2\/posts\/22880\/revisions\/22884"}],"wp:featuredmedia":[{"embeddable":true,"href":"https:\/\/entretormentas.com\/index.php?rest_route=\/wp\/v2\/media\/22883"}],"wp:attachment":[{"href":"https:\/\/entretormentas.com\/index.php?rest_route=%2Fwp%2Fv2%2Fmedia&parent=22880"}],"wp:term":[{"taxonomy":"category","embeddable":true,"href":"https:\/\/entretormentas.com\/index.php?rest_route=%2Fwp%2Fv2%2Fcategories&post=22880"},{"taxonomy":"post_tag","embeddable":true,"href":"https:\/\/entretormentas.com\/index.php?rest_route=%2Fwp%2Fv2%2Ftags&post=22880"}],"curies":[{"name":"wp","href":"https:\/\/api.w.org\/{rel}","templated":true}]}}