{"id":22890,"date":"2025-10-05T21:00:09","date_gmt":"2025-10-06T01:00:09","guid":{"rendered":"https:\/\/entretormentas.com\/?p=22890"},"modified":"2025-10-05T21:00:10","modified_gmt":"2025-10-06T01:00:10","slug":"jornada-necesaria-programa-que-bien-te-ves-san-francisco-inicia-con-exito-sus-primeras-operaciones-oculares","status":"publish","type":"post","link":"https:\/\/entretormentas.com\/jornada-necesaria-programa-que-bien-te-ves-san-francisco-inicia-con-exito-sus-primeras-operaciones-oculares\/","title":{"rendered":"\u00a1JORNADA NECESARIA! Programa \u00a1Qu\u00e9 Bien Te Ves San Francisco! inicia con \u00e9xito sus primeras operaciones oculares"},"content":{"rendered":"\n<p><strong>ENTRE TORMENTAS. <\/strong>En articulaci\u00f3n entre el Gobierno Nacional, la Gobernaci\u00f3n del estado Zulia y la Alcald\u00eda del municipio San Francisco, se dio inicio al programa quir\u00fargico \u00a1Qu\u00e9 Bien Te Ves San Francisco!, con la intervenci\u00f3n de los primeros 25 pacientes en las instalaciones del Centro Cl\u00ednico Ambulatorio Urbano III \u201cEl Silencio\u201d, ubicado en la parroquia Domitila Flores.<\/p>\n\n\n\n<p>Este programa, que forma parte del Plan Cayapa de Salud, tiene como objetivo atender gratuitamente a pacientes con diagn\u00f3stico de cataratas, garantizando atenci\u00f3n integral a trav\u00e9s de consultas preoperatorias, evaluaciones, cirug\u00edas y acompa\u00f1amiento postoperatorio.<\/p>\n\n\n\n<figure class=\"wp-block-image size-large\"><img fetchpriority=\"high\" decoding=\"async\" width=\"1024\" height=\"653\" src=\"https:\/\/entretormentas.com\/wp-content\/uploads\/2025\/10\/SURCATA2-1024x653.jpg\" alt=\"\" class=\"wp-image-22891\" srcset=\"https:\/\/entretormentas.com\/wp-content\/uploads\/2025\/10\/SURCATA2-1024x653.jpg 1024w, https:\/\/entretormentas.com\/wp-content\/uploads\/2025\/10\/SURCATA2-300x191.jpg 300w, https:\/\/entretormentas.com\/wp-content\/uploads\/2025\/10\/SURCATA2-768x490.jpg 768w, https:\/\/entretormentas.com\/wp-content\/uploads\/2025\/10\/SURCATA2.jpg 1280w\" sizes=\"(max-width: 1024px) 100vw, 1024px\" \/><\/figure>\n\n\n\n<p>La primera autoridad municipal expres\u00f3: \u201cGracias a nuestro se\u00f1or Jesucristo, a nuestro presidente Nicol\u00e1s Maduro, al gobernador Luis Caldera y a todo el personal m\u00e9dico, hoy ser\u00e1n intervenidos 25 pacientes y ma\u00f1ana 25 m\u00e1s, para un total de 50 pacientes semanales; estimamos operar para este 2025 alrededor de 800 pacientes con cataratas de todas las parroquias del municipio San Francisco. Este es un programa que, sin lugar a dudas, se va a mantener en el tiempo para sanar la vista de muchos\u201d.<\/p>\n\n\n\n<p>El alcalde sure\u00f1o tambi\u00e9n destac\u00f3 que el programa est\u00e1 anclado al 1&#215;10 del Buen Gobierno, que es la VeneApp dise\u00f1ada por el Presidente Nicol\u00e1s Maduro Moro. En este sentido, tambi\u00e9n resalt\u00f3 que el ingreso a este y otros programas puede hacerse a trav\u00e9s de los circuitos comunitarios, por medio de su sala de gobierno, garantizando inclusi\u00f3n y atenci\u00f3n directa al pueblo.<\/p>\n\n\n\n<figure class=\"wp-block-image size-full\"><img decoding=\"async\" width=\"843\" height=\"753\" src=\"https:\/\/entretormentas.com\/wp-content\/uploads\/2025\/10\/SURCATA3.jpg\" alt=\"\" class=\"wp-image-22892\" srcset=\"https:\/\/entretormentas.com\/wp-content\/uploads\/2025\/10\/SURCATA3.jpg 843w, https:\/\/entretormentas.com\/wp-content\/uploads\/2025\/10\/SURCATA3-300x268.jpg 300w, https:\/\/entretormentas.com\/wp-content\/uploads\/2025\/10\/SURCATA3-768x686.jpg 768w\" sizes=\"(max-width: 843px) 100vw, 843px\" \/><\/figure>\n\n\n\n<p>Los pacientes se mostraron agradecidos por las labores de este programa, como es el caso de Dalia Angarita, quien expres\u00f3: \u201cHace cuatro a\u00f1os fui diagnosticada con esta afecci\u00f3n en los ojos. Doy gracias a Dios por nuestro presidente Nicol\u00e1s Maduro, el gobernador y el alcalde, quienes han permitido esta operaci\u00f3n en mis ojos, donde no he pagado nada, y esta intervenci\u00f3n me permite mejorar mi vida y seguir trabajando en las comunidades\u201d.<\/p>\n\n\n\n<p>El programa quir\u00fargico \u00a1Qu\u00e9 Bien Te Ves San Francisco! forma parte de las pol\u00edticas de atenci\u00f3n integral impulsadas por el Alcalde H\u00e9ctor Soto, en consonancia con las 7 Transformaciones de la Patria (7T), priorizando la salud visual del pueblo sanfranciscano como pilar fundamental del bienestar social y humano.<br><strong><em>ET \/ Prensa Alcald\u00eda de San Francisco<\/em><\/strong><\/p>\n\n\n\n<p><\/p>\n","protected":false},"excerpt":{"rendered":"<p>ENTRE TORMENTAS. En articulaci\u00f3n entre el Gobierno Nacional, la Gobernaci\u00f3n del estado Zulia y la&#8230;<\/p>\n","protected":false},"author":2,"featured_media":22893,"comment_status":"closed","ping_status":"open","sticky":false,"template":"","format":"standard","meta":{"footnotes":""},"categories":[57,1],"tags":[],"class_list":["post-22890","post","type-post","status-publish","format-standard","has-post-thumbnail","hentry","category-actualidad","category-regionales"],"_links":{"self":[{"href":"https:\/\/entretormentas.com\/index.php?rest_route=\/wp\/v2\/posts\/22890","targetHints":{"allow":["GET"]}}],"collection":[{"href":"https:\/\/entretormentas.com\/index.php?rest_route=\/wp\/v2\/posts"}],"about":[{"href":"https:\/\/entretormentas.com\/index.php?rest_route=\/wp\/v2\/types\/post"}],"author":[{"embeddable":true,"href":"https:\/\/entretormentas.com\/index.php?rest_route=\/wp\/v2\/users\/2"}],"replies":[{"embeddable":true,"href":"https:\/\/entretormentas.com\/index.php?rest_route=%2Fwp%2Fv2%2Fcomments&post=22890"}],"version-history":[{"count":1,"href":"https:\/\/entretormentas.com\/index.php?rest_route=\/wp\/v2\/posts\/22890\/revisions"}],"predecessor-version":[{"id":22894,"href":"https:\/\/entretormentas.com\/index.php?rest_route=\/wp\/v2\/posts\/22890\/revisions\/22894"}],"wp:featuredmedia":[{"embeddable":true,"href":"https:\/\/entretormentas.com\/index.php?rest_route=\/wp\/v2\/media\/22893"}],"wp:attachment":[{"href":"https:\/\/entretormentas.com\/index.php?rest_route=%2Fwp%2Fv2%2Fmedia&parent=22890"}],"wp:term":[{"taxonomy":"category","embeddable":true,"href":"https:\/\/entretormentas.com\/index.php?rest_route=%2Fwp%2Fv2%2Fcategories&post=22890"},{"taxonomy":"post_tag","embeddable":true,"href":"https:\/\/entretormentas.com\/index.php?rest_route=%2Fwp%2Fv2%2Ftags&post=22890"}],"curies":[{"name":"wp","href":"https:\/\/api.w.org\/{rel}","templated":true}]}}