{"id":22895,"date":"2025-10-05T21:09:13","date_gmt":"2025-10-06T01:09:13","guid":{"rendered":"https:\/\/entretormentas.com\/?p=22895"},"modified":"2025-10-05T21:09:14","modified_gmt":"2025-10-06T01:09:14","slug":"miercoles-y-sabado-dos-jornadas-semanales-de-alimentos-realizara-la-alcaldia-de-maracaibo","status":"publish","type":"post","link":"https:\/\/entretormentas.com\/miercoles-y-sabado-dos-jornadas-semanales-de-alimentos-realizara-la-alcaldia-de-maracaibo\/","title":{"rendered":"\u00a1MI\u00c9RCOLES Y S\u00c1BADO! Dos jornadas semanales de alimentos realizar\u00e1 la Alcald\u00eda de Maracaibo"},"content":{"rendered":"\n<p><strong>ENTRE TORMENTAS. <\/strong>Ante la gran afluencia de personas a las megajornadas realizadas por la Alcald\u00eda de Maracaibo y en el inter\u00e9s del alcalde Giancarlo Di Martino de seguir beneficiando al pueblo, a partir de la pr\u00f3xima semana se estar\u00e1n realizando dos jornadas en las diferentes parroquias de la ciudad, los d\u00edas mi\u00e9rcoles y s\u00e1bado.<\/p>\n\n\n\n<p>As\u00ed lo dio a conocer el Director del Despacho del Alcalde, Gianluigi Di Martino, quien hizo el anuncio en medio del desarrollo de la jornada efectuada este s\u00e1bado en el sector 7 de la urbanizaci\u00f3n San Jacinto, parroquia Juana de Avila, evento que se suma a las 10 jornadas que se han llevado a cabo organizadas por la alcald\u00eda de Maracaibo.<\/p>\n\n\n\n<figure class=\"wp-block-image size-full\"><img fetchpriority=\"high\" decoding=\"async\" width=\"762\" height=\"1016\" src=\"https:\/\/entretormentas.com\/wp-content\/uploads\/2025\/10\/MERCA2.jpg\" alt=\"\" class=\"wp-image-22896\" srcset=\"https:\/\/entretormentas.com\/wp-content\/uploads\/2025\/10\/MERCA2.jpg 762w, https:\/\/entretormentas.com\/wp-content\/uploads\/2025\/10\/MERCA2-225x300.jpg 225w\" sizes=\"(max-width: 762px) 100vw, 762px\" \/><\/figure>\n\n\n\n<p>\u201cLes tengo un dato, la semana que viene continuamos con los mercados dos veces por semana como el pueblo lo pide y como el alcalde le cumple, mi\u00e9rcoles y s\u00e1bado ser\u00e1n estas jornadas. Como lo hemos dicho vamos a seguir trabajando, impulsando estos mercados populares atendiendo el pueblo con la salud, con los alimentos, y aqu\u00ed estamos demostrando que Venezuela es un pa\u00eds de paz, con trabajo y con dedicaci\u00f3n\u201d, apunt\u00f3 el Director del Despacho municipal.<\/p>\n\n\n\n<p>Gianluigi Di Martino se\u00f1al\u00f3 que \u201ccontinuamos con estas jornadas integrales de atenci\u00f3n al pueblo, impulsadas por el alcalde Giancarlo Di Martino, por nuestro presidente Nicol\u00e1s Maduro, y el gobernador Luis Caldera, conjuntamente con el poder popular organizado, de atenci\u00f3n en salud, oftalmolog\u00eda, odontol\u00f3gica y alimentos a precios justos en rubros proteicos como pollo, h\u00edgado, mortadela, huevos, pescado, as\u00ed como v\u00edveres, frutas y verduras, hortalizas, queso, leche, ricota, caf\u00e9, pl\u00e1tanos, especies, entre otros\u201d.<\/p>\n\n\n\n<p>Indic\u00f3 que esto se logra gracias al trabajo conjunto entre el sector p\u00fablico y el sector privado \u201cya que les damos garant\u00edas para que sigan trabajando, as\u00ed como los emprendedores que cada d\u00eda se suman m\u00e1s y m\u00e1s a estas jornadas\u201d.<\/p>\n\n\n\n<figure class=\"wp-block-image size-full\"><img decoding=\"async\" width=\"762\" height=\"1016\" src=\"https:\/\/entretormentas.com\/wp-content\/uploads\/2025\/10\/MERCA3.jpg\" alt=\"\" class=\"wp-image-22897\" srcset=\"https:\/\/entretormentas.com\/wp-content\/uploads\/2025\/10\/MERCA3.jpg 762w, https:\/\/entretormentas.com\/wp-content\/uploads\/2025\/10\/MERCA3-225x300.jpg 225w\" sizes=\"(max-width: 762px) 100vw, 762px\" \/><\/figure>\n\n\n\n<p>Di Martino recalc\u00f3 que desde que el alcalde marabino asumi\u00f3 las riendas del municipio junto a su equipo, ha venido impulsando estos mercados y trabajando en la recolecci\u00f3n de basura, asfaltando, arreglando plazas, iluminando calles y avenidas, \u201crealizando estas jornadas integrales, junto con los consejos comunales, con el Partido Socialista Unido de Venezuela, aqu\u00ed estoy acompa\u00f1ado por el partido, con todo el equipo pol\u00edtico parroquial de Juana de \u00c1vila.\u201d<\/p>\n\n\n\n<p>Inform\u00f3 que hoy fueron atendidas m\u00e1s de mil 500 personas sobre todo en el tema de la salud gratuita y se distribuyeron 7 toneladas de alimentos, conjuntamente sector p\u00fablico y sector privado, \u201cvarias empresas se han venido con nosotros a acompa\u00f1arnos en estas jornadas porque sienten la seguridad que nosotros les estamos garantizando aqu\u00ed\u201d<\/p>\n\n\n\n<p>Por su parte, los emprendedores llevaron sus productos como bisuter\u00eda, art\u00edculos de ferreter\u00eda e iluminaci\u00f3n, artesan\u00eda, dulces, reposter\u00eda, en una clara demostraci\u00f3n de la inclusi\u00f3n y participaci\u00f3n del poder popular en las jornadas.<br><strong><em>ET \/ Prensa Alcald\u00eda de Maracaibo<\/em><\/strong><\/p>\n\n\n\n<p><\/p>\n","protected":false},"excerpt":{"rendered":"<p>ENTRE TORMENTAS. Ante la gran afluencia de personas a las megajornadas realizadas por la Alcald\u00eda&#8230;<\/p>\n","protected":false},"author":2,"featured_media":22898,"comment_status":"closed","ping_status":"open","sticky":false,"template":"","format":"standard","meta":{"footnotes":""},"categories":[57,1],"tags":[],"class_list":["post-22895","post","type-post","status-publish","format-standard","has-post-thumbnail","hentry","category-actualidad","category-regionales"],"_links":{"self":[{"href":"https:\/\/entretormentas.com\/index.php?rest_route=\/wp\/v2\/posts\/22895","targetHints":{"allow":["GET"]}}],"collection":[{"href":"https:\/\/entretormentas.com\/index.php?rest_route=\/wp\/v2\/posts"}],"about":[{"href":"https:\/\/entretormentas.com\/index.php?rest_route=\/wp\/v2\/types\/post"}],"author":[{"embeddable":true,"href":"https:\/\/entretormentas.com\/index.php?rest_route=\/wp\/v2\/users\/2"}],"replies":[{"embeddable":true,"href":"https:\/\/entretormentas.com\/index.php?rest_route=%2Fwp%2Fv2%2Fcomments&post=22895"}],"version-history":[{"count":1,"href":"https:\/\/entretormentas.com\/index.php?rest_route=\/wp\/v2\/posts\/22895\/revisions"}],"predecessor-version":[{"id":22899,"href":"https:\/\/entretormentas.com\/index.php?rest_route=\/wp\/v2\/posts\/22895\/revisions\/22899"}],"wp:featuredmedia":[{"embeddable":true,"href":"https:\/\/entretormentas.com\/index.php?rest_route=\/wp\/v2\/media\/22898"}],"wp:attachment":[{"href":"https:\/\/entretormentas.com\/index.php?rest_route=%2Fwp%2Fv2%2Fmedia&parent=22895"}],"wp:term":[{"taxonomy":"category","embeddable":true,"href":"https:\/\/entretormentas.com\/index.php?rest_route=%2Fwp%2Fv2%2Fcategories&post=22895"},{"taxonomy":"post_tag","embeddable":true,"href":"https:\/\/entretormentas.com\/index.php?rest_route=%2Fwp%2Fv2%2Ftags&post=22895"}],"curies":[{"name":"wp","href":"https:\/\/api.w.org\/{rel}","templated":true}]}}