{"id":22900,"date":"2025-10-05T21:14:36","date_gmt":"2025-10-06T01:14:36","guid":{"rendered":"https:\/\/entretormentas.com\/?p=22900"},"modified":"2025-10-05T21:14:37","modified_gmt":"2025-10-06T01:14:37","slug":"con-el-gobernador-caldera-al-frente-pueblo-del-zulia-da-un-paso-al-frente-en-el-ejercicio-de-mando-conduccion-y-comunicacion","status":"publish","type":"post","link":"https:\/\/entretormentas.com\/con-el-gobernador-caldera-al-frente-pueblo-del-zulia-da-un-paso-al-frente-en-el-ejercicio-de-mando-conduccion-y-comunicacion\/","title":{"rendered":"\u00a1CON EL GOBERNADOR CALDERA AL FRENTE! Pueblo del Zulia da un paso al frente en el ejercicio de mando, conducci\u00f3n y comunicaci\u00f3n"},"content":{"rendered":"\n<p><strong>ENTRE TORMENTAS. <\/strong>Atendiendo la convocatoria del presidente Nicol\u00e1s Maduro, el pueblo zuliano dio un paso al frente en el ejercicio de mando, conducci\u00f3n y comunicaci\u00f3n del sistema defensivo, realizado a nivel nacional con la participaci\u00f3n de la Fuerza Armada Nacional Bolivariana (FANB), la Milicia Bolivariana, las \u00c1reas de Defensa Integral (ADI) y la Bases Populares de Defensa Integral (BPDI).<\/p>\n\n\n\n<p>Desde la Plaza Bol\u00edvar de Maracaibo, el gobernador Luis Caldera y los comandantes de la Regi\u00f3n Estrat\u00e9gica de Defensa Integral Occidente (REDI-Occidente), MG Pedro Gonz\u00e1lez y de la Zona Operativa de Defensa Integral Zulia (ZODI-Zulia), GD Javier Magallanes, supervisaron el despliegue de este ejercicio de car\u00e1cter organizativo con el objetivo de fortalecer los mecanismos de defensa territorial del pa\u00eds.<\/p>\n\n\n\n<figure class=\"wp-block-image size-large\"><img fetchpriority=\"high\" decoding=\"async\" width=\"1024\" height=\"682\" src=\"https:\/\/entretormentas.com\/wp-content\/uploads\/2025\/10\/COMANLC2-1024x682.jpg\" alt=\"\" class=\"wp-image-22901\" srcset=\"https:\/\/entretormentas.com\/wp-content\/uploads\/2025\/10\/COMANLC2-1024x682.jpg 1024w, https:\/\/entretormentas.com\/wp-content\/uploads\/2025\/10\/COMANLC2-300x200.jpg 300w, https:\/\/entretormentas.com\/wp-content\/uploads\/2025\/10\/COMANLC2-768x512.jpg 768w, https:\/\/entretormentas.com\/wp-content\/uploads\/2025\/10\/COMANLC2.jpg 1280w\" sizes=\"(max-width: 1024px) 100vw, 1024px\" \/><\/figure>\n\n\n\n<p>\u201cEl pueblo del Zulia se pone al frente de este ejercicio nacional ordenado por el presidente, jefe de estado y comandante en Jefe de la FANB Nicol\u00e1s Maduro. El Zulia se ha desplegado en esta Plaza Bol\u00edvar de Maracaibo y hemos sostenido comunicaci\u00f3n con las 21 ADI de los 21 municipios, articulando siempre con nuestro pueblo\u201d, enfatiz\u00f3 el gobernador Caldera.<\/p>\n\n\n\n<p>Destac\u00f3 que junto a los \u201chermanos y hermanas en uniforme\u201d, ahora son un solo pueblo desde donde nace la Patria, para defender la soberan\u00eda y la paz. \u201cEstamos preparados para defender el sagrado suelo venezolano que nos leg\u00f3 Bol\u00edvar, Urdaneta, Nigale y el comandante Ch\u00e1vez\u201d, subray\u00f3.<\/p>\n\n\n\n<p>El jefe de la REDI-Occidente, MG Gonz\u00e1lez, inform\u00f3 que en este ejercicio participan los 55 municipios que conforman la REDI, como lo son Lara, Trujillo y Zulia. \u201cLos hijos de Bol\u00edvar los hijos de Ch\u00e1vez estamos activados en defender la paz de nuestra patria\u201d, dijo.<\/p>\n\n\n\n<figure class=\"wp-block-image size-large\"><img decoding=\"async\" width=\"1024\" height=\"682\" src=\"https:\/\/entretormentas.com\/wp-content\/uploads\/2025\/10\/COMANLC3-1024x682.jpg\" alt=\"\" class=\"wp-image-22902\" srcset=\"https:\/\/entretormentas.com\/wp-content\/uploads\/2025\/10\/COMANLC3-1024x682.jpg 1024w, https:\/\/entretormentas.com\/wp-content\/uploads\/2025\/10\/COMANLC3-300x200.jpg 300w, https:\/\/entretormentas.com\/wp-content\/uploads\/2025\/10\/COMANLC3-768x512.jpg 768w, https:\/\/entretormentas.com\/wp-content\/uploads\/2025\/10\/COMANLC3.jpg 1280w\" sizes=\"(max-width: 1024px) 100vw, 1024px\" \/><\/figure>\n\n\n\n<p>Entretanto, el comandante de la ZODI-Zulia, GD Magallanes, destac\u00f3 la asistencia masiva a los ejercicios, en los que, explic\u00f3, se dan herramientas para que el pueblo conozca la importancia de empleo que se debe tener en las comunicaciones, de presentarse cualquier situaci\u00f3n, en el mando y conducci\u00f3n para la defensa integral de la Patria.<\/p>\n\n\n\n<p>Refiri\u00f3 que el ejercicio fue 100% operativo y que se estableci\u00f3 enlace a trav\u00e9s de radioaficionados con los 576 circuitos comunales y con todos los comandantes.<br><strong><em>ET \/ Nota de Prensa<\/em><\/strong><\/p>\n","protected":false},"excerpt":{"rendered":"<p>ENTRE TORMENTAS. Atendiendo la convocatoria del presidente Nicol\u00e1s Maduro, el pueblo zuliano dio un paso&#8230;<\/p>\n","protected":false},"author":2,"featured_media":22903,"comment_status":"closed","ping_status":"open","sticky":false,"template":"","format":"standard","meta":{"footnotes":""},"categories":[57,1],"tags":[],"class_list":["post-22900","post","type-post","status-publish","format-standard","has-post-thumbnail","hentry","category-actualidad","category-regionales"],"_links":{"self":[{"href":"https:\/\/entretormentas.com\/index.php?rest_route=\/wp\/v2\/posts\/22900","targetHints":{"allow":["GET"]}}],"collection":[{"href":"https:\/\/entretormentas.com\/index.php?rest_route=\/wp\/v2\/posts"}],"about":[{"href":"https:\/\/entretormentas.com\/index.php?rest_route=\/wp\/v2\/types\/post"}],"author":[{"embeddable":true,"href":"https:\/\/entretormentas.com\/index.php?rest_route=\/wp\/v2\/users\/2"}],"replies":[{"embeddable":true,"href":"https:\/\/entretormentas.com\/index.php?rest_route=%2Fwp%2Fv2%2Fcomments&post=22900"}],"version-history":[{"count":1,"href":"https:\/\/entretormentas.com\/index.php?rest_route=\/wp\/v2\/posts\/22900\/revisions"}],"predecessor-version":[{"id":22904,"href":"https:\/\/entretormentas.com\/index.php?rest_route=\/wp\/v2\/posts\/22900\/revisions\/22904"}],"wp:featuredmedia":[{"embeddable":true,"href":"https:\/\/entretormentas.com\/index.php?rest_route=\/wp\/v2\/media\/22903"}],"wp:attachment":[{"href":"https:\/\/entretormentas.com\/index.php?rest_route=%2Fwp%2Fv2%2Fmedia&parent=22900"}],"wp:term":[{"taxonomy":"category","embeddable":true,"href":"https:\/\/entretormentas.com\/index.php?rest_route=%2Fwp%2Fv2%2Fcategories&post=22900"},{"taxonomy":"post_tag","embeddable":true,"href":"https:\/\/entretormentas.com\/index.php?rest_route=%2Fwp%2Fv2%2Ftags&post=22900"}],"curies":[{"name":"wp","href":"https:\/\/api.w.org\/{rel}","templated":true}]}}