{"id":22905,"date":"2025-10-05T21:20:24","date_gmt":"2025-10-06T01:20:24","guid":{"rendered":"https:\/\/entretormentas.com\/?p=22905"},"modified":"2025-10-06T03:21:30","modified_gmt":"2025-10-06T07:21:30","slug":"seran-250-para-las-18-parroquias-alcaldia-de-maracaibo-instala-semaforos-digitales-en-la-ciudad","status":"publish","type":"post","link":"https:\/\/entretormentas.com\/seran-250-para-las-18-parroquias-alcaldia-de-maracaibo-instala-semaforos-digitales-en-la-ciudad\/","title":{"rendered":"\u00a1SER\u00c1N 250 PARA LAS 18 PARROQUIAS! Alcald\u00eda de Maracaibo instala sem\u00e1foros digitales en la ciudad"},"content":{"rendered":"\n<p><strong>ENTRE TORMENTAS.<\/strong> Ya est\u00e1 activo en la ciudad el primer sem\u00e1foro digital con tecnolog\u00eda LED instalado por el Instituto Municipal de Transporte Colectivo Urbano de Pasajeros (IMTCUMA), ente adscrito a la Alcald\u00eda de Maracaibo.<\/p>\n\n\n\n<p>La informaci\u00f3n fue suministrada por Rafael Larez, presidente del IMTCUMA, quien precis\u00f3 que el primer sem\u00e1foro con esta innovaci\u00f3n se coloc\u00f3 en la Avenida Universidad con Cecilio Acosta, cumpliendo instrucciones del alcalde Giancarlo Di Martino, quien asumi\u00f3 el compromiso de transformar de nuevo a Maracaibo en la primera ciudad de Venezuela contando para ellos con el apoyo del presidente Nicol\u00e1s Maduro.<\/p>\n\n\n\n<figure class=\"wp-block-image size-full\"><img fetchpriority=\"high\" decoding=\"async\" width=\"984\" height=\"595\" src=\"https:\/\/entretormentas.com\/wp-content\/uploads\/2025\/10\/DISEMA5.jpg\" alt=\"\" class=\"wp-image-22924\" srcset=\"https:\/\/entretormentas.com\/wp-content\/uploads\/2025\/10\/DISEMA5.jpg 984w, https:\/\/entretormentas.com\/wp-content\/uploads\/2025\/10\/DISEMA5-300x181.jpg 300w, https:\/\/entretormentas.com\/wp-content\/uploads\/2025\/10\/DISEMA5-768x464.jpg 768w\" sizes=\"(max-width: 984px) 100vw, 984px\" \/><\/figure>\n\n\n\n<p>Anunci\u00f3 el presidente del IMTCUMA que est\u00e1n llegando a Maracaibo un total de 250 sem\u00e1foros, los cuales ser\u00e1n instalados en m\u00e1s de 50 intersecciones en la ciudad.<\/p>\n\n\n\n<p>Refiri\u00f3 Rafael Larez que la prioridad para colocarlos la tendr\u00e1n los corredores con mayor tr\u00e1nsito vial de la ciudad y se har\u00e1 de forma progresiva, porque se requiere de un trabajo de verificaci\u00f3n del voltaje y las respectivas pruebas t\u00e9cnicas.<\/p>\n\n\n\n<p><strong>MAYOR DURABILIDAD Y BAJO CONSUMO EL\u00c9CTRICO<\/strong><br>Explica el presidente del IMTCUMA que \u201centre ventajas de los \u201csem\u00e1foros inteligentes\u201d, como los denominan com\u00fanmente est\u00e1n las siguientes: cuentan con un sistema de conteo regresivo, tambi\u00e9n tienen una se\u00f1alizaci\u00f3n incluida dentro de la pantalla; es decir captan la demarcaci\u00f3n que est\u00e1 en el pavimento, as\u00ed el conductor adem\u00e1s de observar las se\u00f1ales en el asfaltado las ve en la pantalla LED\u201d<\/p>\n\n\n\n<figure class=\"wp-block-image size-full\"><img decoding=\"async\" width=\"720\" height=\"643\" src=\"https:\/\/entretormentas.com\/wp-content\/uploads\/2025\/10\/DISEMA3.jpg\" alt=\"\" class=\"wp-image-22907\" srcset=\"https:\/\/entretormentas.com\/wp-content\/uploads\/2025\/10\/DISEMA3.jpg 720w, https:\/\/entretormentas.com\/wp-content\/uploads\/2025\/10\/DISEMA3-300x268.jpg 300w\" sizes=\"(max-width: 720px) 100vw, 720px\" \/><\/figure>\n\n\n\n<p>Resalt\u00f3 Larez que estos sem\u00e1foros usan diodos emisores de luz (LEDs) de larga vida \u00fatil, alta eficiencia energ\u00e9tica y gran visibilidad; su funcionamiento se controla mediante un circuito el\u00e9ctrico que genera pulsos en un orden espec\u00edfico para cada color.<\/p>\n\n\n\n<p>\u201cSon pantallas de mayor durabilidad, de menor consumo el\u00e9ctrico y contribuyen a mejorar y modernizar la infraestructura vial\u201d, agreg\u00f3 Larez.<\/p>\n\n\n\n<p>Como novedad destac\u00f3 Larez que algunos sem\u00e1foros contar\u00e1n con un sem\u00e1foro peatonal, para dar mayor seguridad vial, tanto al peat\u00f3n como al conductor, para proteger la vida de los ciudadanos y las ciudadanas que transitan por la ciudad.<br><strong><em>ET \/ Prensa Alcald\u00eda de Maracaibo<\/em><\/strong><\/p>\n\n\n\n<p><\/p>\n","protected":false},"excerpt":{"rendered":"<p>ENTRE TORMENTAS. Ya est\u00e1 activo en la ciudad el primer sem\u00e1foro digital con tecnolog\u00eda LED&#8230;<\/p>\n","protected":false},"author":2,"featured_media":22926,"comment_status":"closed","ping_status":"open","sticky":false,"template":"","format":"standard","meta":{"footnotes":""},"categories":[57,1],"tags":[],"class_list":["post-22905","post","type-post","status-publish","format-standard","has-post-thumbnail","hentry","category-actualidad","category-regionales"],"_links":{"self":[{"href":"https:\/\/entretormentas.com\/index.php?rest_route=\/wp\/v2\/posts\/22905","targetHints":{"allow":["GET"]}}],"collection":[{"href":"https:\/\/entretormentas.com\/index.php?rest_route=\/wp\/v2\/posts"}],"about":[{"href":"https:\/\/entretormentas.com\/index.php?rest_route=\/wp\/v2\/types\/post"}],"author":[{"embeddable":true,"href":"https:\/\/entretormentas.com\/index.php?rest_route=\/wp\/v2\/users\/2"}],"replies":[{"embeddable":true,"href":"https:\/\/entretormentas.com\/index.php?rest_route=%2Fwp%2Fv2%2Fcomments&post=22905"}],"version-history":[{"count":2,"href":"https:\/\/entretormentas.com\/index.php?rest_route=\/wp\/v2\/posts\/22905\/revisions"}],"predecessor-version":[{"id":22927,"href":"https:\/\/entretormentas.com\/index.php?rest_route=\/wp\/v2\/posts\/22905\/revisions\/22927"}],"wp:featuredmedia":[{"embeddable":true,"href":"https:\/\/entretormentas.com\/index.php?rest_route=\/wp\/v2\/media\/22926"}],"wp:attachment":[{"href":"https:\/\/entretormentas.com\/index.php?rest_route=%2Fwp%2Fv2%2Fmedia&parent=22905"}],"wp:term":[{"taxonomy":"category","embeddable":true,"href":"https:\/\/entretormentas.com\/index.php?rest_route=%2Fwp%2Fv2%2Fcategories&post=22905"},{"taxonomy":"post_tag","embeddable":true,"href":"https:\/\/entretormentas.com\/index.php?rest_route=%2Fwp%2Fv2%2Ftags&post=22905"}],"curies":[{"name":"wp","href":"https:\/\/api.w.org\/{rel}","templated":true}]}}