{"id":22910,"date":"2025-10-05T21:28:14","date_gmt":"2025-10-06T01:28:14","guid":{"rendered":"https:\/\/entretormentas.com\/?p=22910"},"modified":"2025-10-05T21:28:15","modified_gmt":"2025-10-06T01:28:15","slug":"navidad-en-marcha-inicia-montaje-e-iluminacion-para-encendido-de-bella-vista","status":"publish","type":"post","link":"https:\/\/entretormentas.com\/navidad-en-marcha-inicia-montaje-e-iluminacion-para-encendido-de-bella-vista\/","title":{"rendered":"\u00a1NAVIDAD EN MARCHA! Inicia montaje e iluminaci\u00f3n para encendido de Bella Vista"},"content":{"rendered":"\n<p><strong>ENTRE TORMENTAS.<\/strong> Lleg\u00f3 la navidad y en la capital zuliana ya se prepara el tradicional encendido de la avenida 4, Bella Vista. Los trabajos de instalaci\u00f3n y alumbrado iniciaron con la intervenci\u00f3n en la Plaza El \u00c1ngel, punto de partida de un proyecto que abarcar\u00e1 aproximadamente 39 cuadras, desde el Parque Rafael Urdaneta hasta el Parque La Marina, incluyendo espacios como la Plaza del Buen Maestro.<\/p>\n\n\n\n<p>La intervenci\u00f3n iniciada por la Gobernaci\u00f3n del estado Zulia junto la Alcald\u00eda de Maracaibo, busca transformar este corredor urbano en un espacio de encuentro familiar, celebraci\u00f3n cultural y rescate de los valores tradicionales en estas navidades 2025. El alcalde Giancarlo Di Martino y el gobernador Luis Caldera encabezan esta propuesta que involucra a instituciones como la Hidrol\u00f3gica del Lago (Hidrolago), Corporaci\u00f3n para el Desarrollo de la Regi\u00f3n Zuliana (Corpozulia), Petr\u00f3leos de Venezuela (PDVSA) y otras entidades estatales, adem\u00e1s de empresas especializadas en decoraci\u00f3n navide\u00f1a.<\/p>\n\n\n\n<figure class=\"wp-block-image size-full\"><img fetchpriority=\"high\" decoding=\"async\" width=\"1000\" height=\"750\" src=\"https:\/\/entretormentas.com\/wp-content\/uploads\/2025\/10\/ENCENDI2.jpg\" alt=\"\" class=\"wp-image-22911\" srcset=\"https:\/\/entretormentas.com\/wp-content\/uploads\/2025\/10\/ENCENDI2.jpg 1000w, https:\/\/entretormentas.com\/wp-content\/uploads\/2025\/10\/ENCENDI2-300x225.jpg 300w, https:\/\/entretormentas.com\/wp-content\/uploads\/2025\/10\/ENCENDI2-768x576.jpg 768w\" sizes=\"(max-width: 1000px) 100vw, 1000px\" \/><\/figure>\n\n\n\n<p>El secretario de Cultura, Giovanny Villalobos, destaco que \u201cel objetivo es ofrecerle al pueblo zuliano y a los visitantes una experiencia que evoque al ni\u00f1o Jes\u00fas, a la familia y a la alegr\u00eda infantil. La Navidad tambi\u00e9n es compartir, es uni\u00f3n, y por eso estamos trabajando para embellecer m\u00e1s de 30 cuadras con criterios est\u00e9ticos y patrimoniales\u201d.<\/p>\n\n\n\n<p>Villalobos agreg\u00f3, que la planificaci\u00f3n contempla una distribuci\u00f3n por segmentos, asignando tramos extensos a cada instituci\u00f3n para facilitar la ejecuci\u00f3n de obras de infraestructura y dise\u00f1o. La Gobernaci\u00f3n asumir\u00e1 m\u00e1s de 17 cuadras bajo su responsabilidad, mientras que la Alcald\u00eda y otras organizaciones e instituciones se encargar\u00e1n de zonas espec\u00edficas.<\/p>\n\n\n\n<p>El encendido oficial de la avenida Bella Vista, est\u00e1 previsto para el 7 de noviembre a las 7:00 de la noche, luego de la inauguraci\u00f3n de una exposici\u00f3n de 10 mil metros cuadrados en el Tibisay Hotel del Lago. Ese mismo d\u00eda, tarimas culturales se desplegar\u00e1n a lo largo de Bella Vista, dando inicio a tres meses de actividades que se extender\u00e1n hasta enero.<\/p>\n\n\n\n<figure class=\"wp-block-image size-full\"><img decoding=\"async\" width=\"1000\" height=\"750\" src=\"https:\/\/entretormentas.com\/wp-content\/uploads\/2025\/10\/ENCENDI3.jpg\" alt=\"\" class=\"wp-image-22912\" srcset=\"https:\/\/entretormentas.com\/wp-content\/uploads\/2025\/10\/ENCENDI3.jpg 1000w, https:\/\/entretormentas.com\/wp-content\/uploads\/2025\/10\/ENCENDI3-300x225.jpg 300w, https:\/\/entretormentas.com\/wp-content\/uploads\/2025\/10\/ENCENDI3-768x576.jpg 768w\" sizes=\"(max-width: 1000px) 100vw, 1000px\" \/><\/figure>\n\n\n\n<p>El Secretario de Cultura adem\u00e1s adelant\u00f3 que \u201cla residencia oficial del gobernador abrir\u00e1 sus puertas para eventos gratuitos con gaitas, villancicos y presentaciones art\u00edsticas. Tambi\u00e9n se habilitar\u00e1n plazas y parques para que las familias disfruten diariamente de espect\u00e1culos y espacios recreativos\u201d.<\/p>\n\n\n\n<p>La organizaci\u00f3n contempla medidas log\u00edsticas para garantizar la seguridad y el orden, incluyendo cierres viales que ser\u00e1n anunciados con antelaci\u00f3n por las autoridades competentes. Adem\u00e1s, se establecer\u00e1 una distribuci\u00f3n equilibrada entre comerciantes formales e informales, permitiendo que los visitantes accedan c\u00f3modamente a zonas de gastronom\u00eda, fotograf\u00eda y entretenimiento.<\/p>\n\n\n\n<p>Maracaibo se prepara para vestirse de luces, m\u00fasica y tradici\u00f3n, en una celebraci\u00f3n que promete convertir cada esquina de la avenida Bella Vista en un rinc\u00f3n de alegr\u00eda, identidad y reencuentro, gracias al apoyo del Gobierno liderado por el presidente Nicol\u00e1s Maduro.<br><strong><em>ET \/ Nota de Prensa<\/em><\/strong><\/p>\n\n\n\n<p><\/p>\n","protected":false},"excerpt":{"rendered":"<p>ENTRE TORMENTAS. Lleg\u00f3 la navidad y en la capital zuliana ya se prepara el tradicional&#8230;<\/p>\n","protected":false},"author":2,"featured_media":22913,"comment_status":"closed","ping_status":"open","sticky":false,"template":"","format":"standard","meta":{"footnotes":""},"categories":[57,1],"tags":[],"class_list":["post-22910","post","type-post","status-publish","format-standard","has-post-thumbnail","hentry","category-actualidad","category-regionales"],"_links":{"self":[{"href":"https:\/\/entretormentas.com\/index.php?rest_route=\/wp\/v2\/posts\/22910","targetHints":{"allow":["GET"]}}],"collection":[{"href":"https:\/\/entretormentas.com\/index.php?rest_route=\/wp\/v2\/posts"}],"about":[{"href":"https:\/\/entretormentas.com\/index.php?rest_route=\/wp\/v2\/types\/post"}],"author":[{"embeddable":true,"href":"https:\/\/entretormentas.com\/index.php?rest_route=\/wp\/v2\/users\/2"}],"replies":[{"embeddable":true,"href":"https:\/\/entretormentas.com\/index.php?rest_route=%2Fwp%2Fv2%2Fcomments&post=22910"}],"version-history":[{"count":1,"href":"https:\/\/entretormentas.com\/index.php?rest_route=\/wp\/v2\/posts\/22910\/revisions"}],"predecessor-version":[{"id":22914,"href":"https:\/\/entretormentas.com\/index.php?rest_route=\/wp\/v2\/posts\/22910\/revisions\/22914"}],"wp:featuredmedia":[{"embeddable":true,"href":"https:\/\/entretormentas.com\/index.php?rest_route=\/wp\/v2\/media\/22913"}],"wp:attachment":[{"href":"https:\/\/entretormentas.com\/index.php?rest_route=%2Fwp%2Fv2%2Fmedia&parent=22910"}],"wp:term":[{"taxonomy":"category","embeddable":true,"href":"https:\/\/entretormentas.com\/index.php?rest_route=%2Fwp%2Fv2%2Fcategories&post=22910"},{"taxonomy":"post_tag","embeddable":true,"href":"https:\/\/entretormentas.com\/index.php?rest_route=%2Fwp%2Fv2%2Ftags&post=22910"}],"curies":[{"name":"wp","href":"https:\/\/api.w.org\/{rel}","templated":true}]}}