{"id":22915,"date":"2025-10-06T03:15:26","date_gmt":"2025-10-06T07:15:26","guid":{"rendered":"https:\/\/entretormentas.com\/?p=22915"},"modified":"2025-10-06T03:15:27","modified_gmt":"2025-10-06T07:15:27","slug":"mas-de-100-gaitas-inscritas-alcaldia-extiende-plazo-de-inscripcion-para-maracaibo-elige-la-gaita-del-ano-2025","status":"publish","type":"post","link":"https:\/\/entretormentas.com\/mas-de-100-gaitas-inscritas-alcaldia-extiende-plazo-de-inscripcion-para-maracaibo-elige-la-gaita-del-ano-2025\/","title":{"rendered":"\u00a1M\u00c1S DE 100 GAITAS INSCRITAS! Alcald\u00eda extiende plazo de inscripci\u00f3n para \u00abMaracaibo Elige la Gaita del A\u00f1o 2025\u00bb"},"content":{"rendered":"\n<p><strong>ENTRE TORMENTAS.<\/strong> Ante la masiva y entusiasta respuesta de los gaiteros de todo el pa\u00eds para participar en el Festival \u00abMaracaibo Elige la Gaita del A\u00f1o 2025\u00bb y con el objetivo de garantizar la participaci\u00f3n de todos los talentos, la Alcald\u00eda de Maracaibo, a trav\u00e9s del Instituto Municipal de la Gaita \u201cRicardo Aguirre\u201d (IMGRA), se complace en anunciar la extensi\u00f3n del per\u00edodo de inscripciones.<\/p>\n\n\n\n<p>As\u00ed lo dio a conocer el presidente del IMGRA, Ricardo \u00abEl Pel\u00f3n\u00bb Aguirre, quien explic\u00f3 que el proceso de inscripci\u00f3n para las categor\u00edas infantil-juvenil y adulto profesional se extender\u00e1 por cuatro (04) d\u00edas m\u00e1s.<\/p>\n\n\n\n<p>Indic\u00f3 que la nueva fecha l\u00edmite es este mi\u00e9rcoles 8 de octubre de 2025 en el horario comprendido de 8:00 a.m. a 4:00 p.m. en la sede del IMGRA en Maracaibo, donde las agrupaciones deben consignar en f\u00edsico y digital (audio MP3, letra y plantilla de integrantes, adem\u00e1s del compositor) su gaita de furro in\u00e9dita para la temporada 2025.<\/p>\n\n\n\n<p>\u2060El presidente del IMGRA resalt\u00f3 con benepl\u00e1cito el registro de m\u00e1s de 100 grupos de gaita zuliana, entre agrupaciones profesionales y agrupaciones infantiles-juveniles<\/p>\n\n\n\n<figure class=\"wp-block-image size-large\"><img fetchpriority=\"high\" decoding=\"async\" width=\"768\" height=\"1024\" src=\"https:\/\/entretormentas.com\/wp-content\/uploads\/2025\/10\/GAITASS-768x1024.jpg\" alt=\"\" class=\"wp-image-22916\" srcset=\"https:\/\/entretormentas.com\/wp-content\/uploads\/2025\/10\/GAITASS-768x1024.jpg 768w, https:\/\/entretormentas.com\/wp-content\/uploads\/2025\/10\/GAITASS-225x300.jpg 225w, https:\/\/entretormentas.com\/wp-content\/uploads\/2025\/10\/GAITASS.jpg 960w\" sizes=\"(max-width: 768px) 100vw, 768px\" \/><\/figure>\n\n\n\n<p><strong>\u00a1YA PUEDES ESCUCHAR LAS GAITAS INSCRITAS!<\/strong><br>Igualmente, Aguirre inform\u00f3 que como parte de la transparencia y la promoci\u00f3n del talento que caracteriza este festival, el IMGRA anuncia que las gaitas que ya han cumplido satisfactoriamente con el proceso de inscripci\u00f3n est\u00e1n disponibles para ser escuchadas por el p\u00fablico.<\/p>\n\n\n\n<p>Para escuchar las gaitas inscritas el pueblo ya puede ingresar y disfrutar de las primeras propuestas que buscan convertirse en la gaita del a\u00f1o, a trav\u00e9s del portal: www.lagaitadela\u00f1o.info<\/p>\n\n\n\n<p>\u2060El concurso \u00abMaracaibo Elige la Gaita del A\u00f1o 2025\u00bb mantiene su compromiso de impulsar la gaita de furro nacional con total seriedad y transparencia. El festival, organizado para premiar a 10 agrupaciones infantiles\/juveniles y 10 agrupaciones adultas profesionales, sigue rigi\u00e9ndose por las normas previamente establecidas, bajo la auditor\u00eda de la consultora independiente SERTECA CONSULTING.<\/p>\n\n\n\n<p>Finalmente, Ricardo Aguirre le recuerda a los participantes que la gaita debe ser in\u00e9dita para la temporada 2025 y que el solista solo puede inscribirse en una \u00fanica agrupaci\u00f3n. La tem\u00e1tica es libre, pero debe enaltecer los valores, tradiciones y la idiosincrasia de nuestra tierra.<br><strong><em>ET \/ Prensa Alcald\u00eda de Maracaibo<\/em><\/strong><\/p>\n","protected":false},"excerpt":{"rendered":"<p>ENTRE TORMENTAS. Ante la masiva y entusiasta respuesta de los gaiteros de todo el pa\u00eds&#8230;<\/p>\n","protected":false},"author":2,"featured_media":22917,"comment_status":"closed","ping_status":"open","sticky":false,"template":"","format":"standard","meta":{"footnotes":""},"categories":[57,1],"tags":[],"class_list":["post-22915","post","type-post","status-publish","format-standard","has-post-thumbnail","hentry","category-actualidad","category-regionales"],"_links":{"self":[{"href":"https:\/\/entretormentas.com\/index.php?rest_route=\/wp\/v2\/posts\/22915","targetHints":{"allow":["GET"]}}],"collection":[{"href":"https:\/\/entretormentas.com\/index.php?rest_route=\/wp\/v2\/posts"}],"about":[{"href":"https:\/\/entretormentas.com\/index.php?rest_route=\/wp\/v2\/types\/post"}],"author":[{"embeddable":true,"href":"https:\/\/entretormentas.com\/index.php?rest_route=\/wp\/v2\/users\/2"}],"replies":[{"embeddable":true,"href":"https:\/\/entretormentas.com\/index.php?rest_route=%2Fwp%2Fv2%2Fcomments&post=22915"}],"version-history":[{"count":1,"href":"https:\/\/entretormentas.com\/index.php?rest_route=\/wp\/v2\/posts\/22915\/revisions"}],"predecessor-version":[{"id":22918,"href":"https:\/\/entretormentas.com\/index.php?rest_route=\/wp\/v2\/posts\/22915\/revisions\/22918"}],"wp:featuredmedia":[{"embeddable":true,"href":"https:\/\/entretormentas.com\/index.php?rest_route=\/wp\/v2\/media\/22917"}],"wp:attachment":[{"href":"https:\/\/entretormentas.com\/index.php?rest_route=%2Fwp%2Fv2%2Fmedia&parent=22915"}],"wp:term":[{"taxonomy":"category","embeddable":true,"href":"https:\/\/entretormentas.com\/index.php?rest_route=%2Fwp%2Fv2%2Fcategories&post=22915"},{"taxonomy":"post_tag","embeddable":true,"href":"https:\/\/entretormentas.com\/index.php?rest_route=%2Fwp%2Fv2%2Ftags&post=22915"}],"curies":[{"name":"wp","href":"https:\/\/api.w.org\/{rel}","templated":true}]}}