{"id":22919,"date":"2025-10-06T03:19:14","date_gmt":"2025-10-06T07:19:14","guid":{"rendered":"https:\/\/entretormentas.com\/?p=22919"},"modified":"2025-10-06T03:19:15","modified_gmt":"2025-10-06T07:19:15","slug":"por-3er-domingo-seguido-la-ciclovia-vibra-en-honor-al-mes-rosa-con-bailoterapia-incluida","status":"publish","type":"post","link":"https:\/\/entretormentas.com\/por-3er-domingo-seguido-la-ciclovia-vibra-en-honor-al-mes-rosa-con-bailoterapia-incluida\/","title":{"rendered":"\u00a1POR 3ER. DOMINGO SEGUIDO! La Ciclov\u00eda vibra en honor al mes rosa con bailoterapia incluida"},"content":{"rendered":"\n<p><strong>ENTRE TORMENTAS. <\/strong>La Ciclov\u00eda de Maracaibo se visti\u00f3 de rosa este domingo 5 de octubre con una jornada que desbord\u00f3 energ\u00eda, color y un profundo mensaje de solidaridad en honor al mes de la Lucha contra el C\u00e1ncer de Mama.<\/p>\n\n\n\n<p>En su tercer domingo consecutivo, la Ciclov\u00eda organizada por la alcald\u00eda bolivariana de Maracaibo se convirti\u00f3 una vez m\u00e1s en punto de encuentro para corredores, ciclistas y patinadores en los casi siete kil\u00f3metros de tramo dispuestos \u00fanica y exclusivamente para esta actividad, reiterando que esta iniciativa ya es un evento arraigado en la agenda deportiva marabina.<\/p>\n\n\n\n<figure class=\"wp-block-image size-large\"><img fetchpriority=\"high\" decoding=\"async\" width=\"1024\" height=\"682\" src=\"https:\/\/entretormentas.com\/wp-content\/uploads\/2025\/10\/TRICICLO3-1024x682.jpg\" alt=\"\" class=\"wp-image-22920\" srcset=\"https:\/\/entretormentas.com\/wp-content\/uploads\/2025\/10\/TRICICLO3-1024x682.jpg 1024w, https:\/\/entretormentas.com\/wp-content\/uploads\/2025\/10\/TRICICLO3-300x200.jpg 300w, https:\/\/entretormentas.com\/wp-content\/uploads\/2025\/10\/TRICICLO3-768x511.jpg 768w, https:\/\/entretormentas.com\/wp-content\/uploads\/2025\/10\/TRICICLO3.jpg 1080w\" sizes=\"(max-width: 1024px) 100vw, 1024px\" \/><\/figure>\n\n\n\n<p><strong>BAILOTERAPIA COLOR ROSA<\/strong><br>El punto central de la jornada fue la Bailoterapia de dos horas, donde cientos de participantes se vistieron de rosa para alzar la voz en el marco del mes de la sensibilizaci\u00f3n contra el C\u00e1ncer de Mama.<\/p>\n\n\n\n<p>Cada domingo la energ\u00eda y el entusiasmo de los participantes que se movilizan en masa para esta actividad especial resalta la capacidad de la Ciclov\u00eda para agrupar al marabino en funci\u00f3n del deporte, la recreaci\u00f3n y, en consecuencia, el disfrute de un espacio en paz que a su vez se presta para causas comunitarias vitales.<\/p>\n\n\n\n<p>La actividad transcurri\u00f3 con total normalidad y seguridad, gracias al despliegue de los entes municipales de seguridad, protecci\u00f3n civil, puntos de hidrataci\u00f3n, salud y todo el equipo de gobierno municipal dispuesto para atender a los participantes<\/p>\n\n\n\n<figure class=\"wp-block-image size-large\"><img decoding=\"async\" width=\"1024\" height=\"682\" src=\"https:\/\/entretormentas.com\/wp-content\/uploads\/2025\/10\/TRICICLO2-1024x682.jpg\" alt=\"\" class=\"wp-image-22921\" srcset=\"https:\/\/entretormentas.com\/wp-content\/uploads\/2025\/10\/TRICICLO2-1024x682.jpg 1024w, https:\/\/entretormentas.com\/wp-content\/uploads\/2025\/10\/TRICICLO2-300x200.jpg 300w, https:\/\/entretormentas.com\/wp-content\/uploads\/2025\/10\/TRICICLO2-768x511.jpg 768w, https:\/\/entretormentas.com\/wp-content\/uploads\/2025\/10\/TRICICLO2.jpg 1080w\" sizes=\"(max-width: 1024px) 100vw, 1024px\" \/><\/figure>\n\n\n\n<p>Este tercer encuentro reafirma a la Ciclov\u00eda como el principal espacio recreativo y deportivo al aire libre de la ciudad de los domingos, uniendo a los ciudadanos bajo la premisa de la vida sana y el disfrute del espacio p\u00fablico recreativo y deportivo al aire libre<\/p>\n\n\n\n<p>La alcald\u00eda de Maracaibo invita a seguir apropi\u00e1ndose de este proyecto que le devuelve las calles a la gente y promueve un espacio de vida, salud y bienestar.<br><strong><em>ET \/ Prensa Alcald\u00eda de Maracaibo<\/em><\/strong><\/p>\n","protected":false},"excerpt":{"rendered":"<p>ENTRE TORMENTAS. La Ciclov\u00eda de Maracaibo se visti\u00f3 de rosa este domingo 5 de octubre&#8230;<\/p>\n","protected":false},"author":2,"featured_media":22922,"comment_status":"closed","ping_status":"open","sticky":false,"template":"","format":"standard","meta":{"footnotes":""},"categories":[57,1],"tags":[],"class_list":["post-22919","post","type-post","status-publish","format-standard","has-post-thumbnail","hentry","category-actualidad","category-regionales"],"_links":{"self":[{"href":"https:\/\/entretormentas.com\/index.php?rest_route=\/wp\/v2\/posts\/22919","targetHints":{"allow":["GET"]}}],"collection":[{"href":"https:\/\/entretormentas.com\/index.php?rest_route=\/wp\/v2\/posts"}],"about":[{"href":"https:\/\/entretormentas.com\/index.php?rest_route=\/wp\/v2\/types\/post"}],"author":[{"embeddable":true,"href":"https:\/\/entretormentas.com\/index.php?rest_route=\/wp\/v2\/users\/2"}],"replies":[{"embeddable":true,"href":"https:\/\/entretormentas.com\/index.php?rest_route=%2Fwp%2Fv2%2Fcomments&post=22919"}],"version-history":[{"count":1,"href":"https:\/\/entretormentas.com\/index.php?rest_route=\/wp\/v2\/posts\/22919\/revisions"}],"predecessor-version":[{"id":22923,"href":"https:\/\/entretormentas.com\/index.php?rest_route=\/wp\/v2\/posts\/22919\/revisions\/22923"}],"wp:featuredmedia":[{"embeddable":true,"href":"https:\/\/entretormentas.com\/index.php?rest_route=\/wp\/v2\/media\/22922"}],"wp:attachment":[{"href":"https:\/\/entretormentas.com\/index.php?rest_route=%2Fwp%2Fv2%2Fmedia&parent=22919"}],"wp:term":[{"taxonomy":"category","embeddable":true,"href":"https:\/\/entretormentas.com\/index.php?rest_route=%2Fwp%2Fv2%2Fcategories&post=22919"},{"taxonomy":"post_tag","embeddable":true,"href":"https:\/\/entretormentas.com\/index.php?rest_route=%2Fwp%2Fv2%2Ftags&post=22919"}],"curies":[{"name":"wp","href":"https:\/\/api.w.org\/{rel}","templated":true}]}}