{"id":22928,"date":"2025-10-06T03:24:24","date_gmt":"2025-10-06T07:24:24","guid":{"rendered":"https:\/\/entretormentas.com\/?p=22928"},"modified":"2025-10-06T03:24:25","modified_gmt":"2025-10-06T07:24:25","slug":"este-domingo-reportan-lluvia-de-fluctuaciones-electricas-en-gran-parte-del-pais","status":"publish","type":"post","link":"https:\/\/entretormentas.com\/este-domingo-reportan-lluvia-de-fluctuaciones-electricas-en-gran-parte-del-pais\/","title":{"rendered":"\u00a1ESTE DOMINGO! Reportan lluvia de fluctuaciones el\u00e9ctricas en gran parte del pa\u00eds"},"content":{"rendered":"\n<p><strong>ENTRE TORMENTAS.<\/strong> Una fuerte fluctuaci\u00f3n el\u00e9ctrica se sinti\u00f3 alrededor de las 12:40 del mediod\u00eda de este domingo 5 de octubre tanto en Caracas como en diversos estados del pa\u00eds.<\/p>\n\n\n\n<p>De acuerdo con los reportes en redes sociales, la falla incluso dej\u00f3 sin servicio a Los Chorros, en la capital venezolana. De igual manera, seg\u00fan la cuenta Reporte Ya, entidades como M\u00e9rida, T\u00e1chira y Falc\u00f3n se quedaron sin luz.<\/p>\n\n\n\n<p>El intenso baj\u00f3n el\u00e9ctrico tambi\u00e9n se present\u00f3 en Miranda, Portuguesa, Aragua, Zulia y Monagas. Usuarios de Caracas informaron que la fluctuaci\u00f3n tambi\u00e9n caus\u00f3 estragos en El Cafetal y San Rom\u00e1n.<\/p>\n\n\n\n<p>Los reportes de distintas regiones en Venezuela son un indicio de que el baj\u00f3n de luz fue a escala nacional. Mientras tanto, las autoridades de Corpoelec no se han pronunciado sobre el origen de este desperfecto.<\/p>\n\n\n\n<p><strong>CORTES DE LUZ<\/strong><br>En las \u00faltimas semanas, usuarios del interior del pa\u00eds denuncian que los cortes de luz se han intensificado, al punto de prolongarse por varias horas. En algunas zonas, se han extendido incluso hasta por m\u00e1s de seis horas, lo que puede incidir en la actividad comercial.<\/p>\n\n\n\n<p>Corpoelec, por su parte, se mantiene silente ante esta situaci\u00f3n de cortes de luz diarios, que a todas luces parece obedecer a un racionamiento el\u00e9ctrico no dado a conocer oficialmente. Sin embargo, en septiembre alert\u00f3 sobre \u00abdos ataques terroristas\u00bb contra el Sistema El\u00e9ctrico Nacional (SEN), de los que acus\u00f3 a la \u00abextrema derecha\u00bb, pero sin ofrecer prueba alguna.<\/p>\n\n\n\n<p>\u00abEsta agresi\u00f3n extremista busca privar al pueblo venezolano del servicio el\u00e9ctrico, como parte de una estrategia fascista destinada a desestabilizar la paz y la uni\u00f3n nacional que prevalecer\u00e1 ante las amenazas externas\u00bb, afirm\u00f3 la estatal el pasado 17 de septiembre.<br><strong><em>ET \/ Caraota Digital<\/em><\/strong><\/p>\n","protected":false},"excerpt":{"rendered":"<p>ENTRE TORMENTAS. Una fuerte fluctuaci\u00f3n el\u00e9ctrica se sinti\u00f3 alrededor de las 12:40 del mediod\u00eda de&#8230;<\/p>\n","protected":false},"author":2,"featured_media":22929,"comment_status":"closed","ping_status":"open","sticky":false,"template":"","format":"standard","meta":{"footnotes":""},"categories":[56,49],"tags":[],"class_list":["post-22928","post","type-post","status-publish","format-standard","has-post-thumbnail","hentry","category-destacadas","category-nacionales"],"_links":{"self":[{"href":"https:\/\/entretormentas.com\/index.php?rest_route=\/wp\/v2\/posts\/22928","targetHints":{"allow":["GET"]}}],"collection":[{"href":"https:\/\/entretormentas.com\/index.php?rest_route=\/wp\/v2\/posts"}],"about":[{"href":"https:\/\/entretormentas.com\/index.php?rest_route=\/wp\/v2\/types\/post"}],"author":[{"embeddable":true,"href":"https:\/\/entretormentas.com\/index.php?rest_route=\/wp\/v2\/users\/2"}],"replies":[{"embeddable":true,"href":"https:\/\/entretormentas.com\/index.php?rest_route=%2Fwp%2Fv2%2Fcomments&post=22928"}],"version-history":[{"count":1,"href":"https:\/\/entretormentas.com\/index.php?rest_route=\/wp\/v2\/posts\/22928\/revisions"}],"predecessor-version":[{"id":22930,"href":"https:\/\/entretormentas.com\/index.php?rest_route=\/wp\/v2\/posts\/22928\/revisions\/22930"}],"wp:featuredmedia":[{"embeddable":true,"href":"https:\/\/entretormentas.com\/index.php?rest_route=\/wp\/v2\/media\/22929"}],"wp:attachment":[{"href":"https:\/\/entretormentas.com\/index.php?rest_route=%2Fwp%2Fv2%2Fmedia&parent=22928"}],"wp:term":[{"taxonomy":"category","embeddable":true,"href":"https:\/\/entretormentas.com\/index.php?rest_route=%2Fwp%2Fv2%2Fcategories&post=22928"},{"taxonomy":"post_tag","embeddable":true,"href":"https:\/\/entretormentas.com\/index.php?rest_route=%2Fwp%2Fv2%2Ftags&post=22928"}],"curies":[{"name":"wp","href":"https:\/\/api.w.org\/{rel}","templated":true}]}}