{"id":22936,"date":"2025-10-06T03:32:29","date_gmt":"2025-10-06T07:32:29","guid":{"rendered":"https:\/\/entretormentas.com\/?p=22936"},"modified":"2025-10-06T03:32:30","modified_gmt":"2025-10-06T07:32:30","slug":"mayor-presion-trump-evalua-fase-dos-contra-narcos-en-el-caribe-con-nuevas-estrategias","status":"publish","type":"post","link":"https:\/\/entretormentas.com\/mayor-presion-trump-evalua-fase-dos-contra-narcos-en-el-caribe-con-nuevas-estrategias\/","title":{"rendered":"\u00a1MAYOR PRESI\u00d3N! Trump eval\u00faa fase dos contra narcos en el Caribe con nuevas estrategias"},"content":{"rendered":"\n<p><strong>ENTRE TORMENTAS. <\/strong>Donald Trump anunci\u00f3 una nueva fase en la lucha contra el narcotr\u00e1fico en el Caribe, tras declarar \u201cconflicto armado con narcos\u201d ante el Congreso estadounidense.<\/p>\n\n\n\n<p>El presidente asegur\u00f3 que las operaciones mar\u00edtimas han sido exitosas. Cuatro embarcaciones con cargamento il\u00edcito fueron hundidas en aguas del Caribe.<\/p>\n\n\n\n<p>\u201cVamos a acabar con el tr\u00e1fico de drogas. El mar est\u00e1 vac\u00edo\u201d, afirm\u00f3 Trump. Su declaraci\u00f3n fue difundida por medios estadounidenses.<\/p>\n\n\n\n<p>Washington califica a los grupos objetivo como organizaciones narcoterroristas. Entre ellos, el C\u00e1rtel de los Soles, presuntamente vinculado a Venezuela.Negocios en Venezuela<\/p>\n\n\n\n<p>La administraci\u00f3n notific\u00f3 al Congreso que los traficantes abatidos son considerados \u201ccombatientes ilegales\u201d bajo leyes de guerra.<\/p>\n\n\n\n<p>Este enfoque legal permite a Trump ejercer poderes extraordinarios. Se busca reforzar la ofensiva militar en la regi\u00f3n caribe\u00f1a.<\/p>\n\n\n\n<p>Los ataques recientes dejaron 17 muertos. Las embarcaciones fueron interceptadas en operaciones conjuntas con fuerzas navales.<\/p>\n\n\n\n<p>La fase dos del conflicto armado con narcos incluir\u00eda nuevas acciones estrat\u00e9gicas. Se espera mayor presi\u00f3n sobre rutas mar\u00edtimas.<\/p>\n\n\n\n<p>Estados Unidos intensifica su postura contra el narcotr\u00e1fico. La regi\u00f3n del Caribe se convierte en punto clave de vigilancia.<br><strong><em>ET \/ EFE<\/em><\/strong><\/p>\n\n\n\n<p><\/p>\n","protected":false},"excerpt":{"rendered":"<p>ENTRE TORMENTAS. Donald Trump anunci\u00f3 una nueva fase en la lucha contra el narcotr\u00e1fico en&#8230;<\/p>\n","protected":false},"author":2,"featured_media":22937,"comment_status":"closed","ping_status":"open","sticky":false,"template":"","format":"standard","meta":{"footnotes":""},"categories":[56,48],"tags":[],"class_list":["post-22936","post","type-post","status-publish","format-standard","has-post-thumbnail","hentry","category-destacadas","category-internacionales"],"_links":{"self":[{"href":"https:\/\/entretormentas.com\/index.php?rest_route=\/wp\/v2\/posts\/22936","targetHints":{"allow":["GET"]}}],"collection":[{"href":"https:\/\/entretormentas.com\/index.php?rest_route=\/wp\/v2\/posts"}],"about":[{"href":"https:\/\/entretormentas.com\/index.php?rest_route=\/wp\/v2\/types\/post"}],"author":[{"embeddable":true,"href":"https:\/\/entretormentas.com\/index.php?rest_route=\/wp\/v2\/users\/2"}],"replies":[{"embeddable":true,"href":"https:\/\/entretormentas.com\/index.php?rest_route=%2Fwp%2Fv2%2Fcomments&post=22936"}],"version-history":[{"count":1,"href":"https:\/\/entretormentas.com\/index.php?rest_route=\/wp\/v2\/posts\/22936\/revisions"}],"predecessor-version":[{"id":22938,"href":"https:\/\/entretormentas.com\/index.php?rest_route=\/wp\/v2\/posts\/22936\/revisions\/22938"}],"wp:featuredmedia":[{"embeddable":true,"href":"https:\/\/entretormentas.com\/index.php?rest_route=\/wp\/v2\/media\/22937"}],"wp:attachment":[{"href":"https:\/\/entretormentas.com\/index.php?rest_route=%2Fwp%2Fv2%2Fmedia&parent=22936"}],"wp:term":[{"taxonomy":"category","embeddable":true,"href":"https:\/\/entretormentas.com\/index.php?rest_route=%2Fwp%2Fv2%2Fcategories&post=22936"},{"taxonomy":"post_tag","embeddable":true,"href":"https:\/\/entretormentas.com\/index.php?rest_route=%2Fwp%2Fv2%2Ftags&post=22936"}],"curies":[{"name":"wp","href":"https:\/\/api.w.org\/{rel}","templated":true}]}}