{"id":22943,"date":"2025-10-07T04:06:17","date_gmt":"2025-10-07T08:06:17","guid":{"rendered":"https:\/\/entretormentas.com\/?p=22943"},"modified":"2025-10-07T04:06:17","modified_gmt":"2025-10-07T08:06:17","slug":"en-tan-solo-una-semana-alcaldia-de-san-francisco-recolecto-900-toneladas-de-desechos-solidos","status":"publish","type":"post","link":"https:\/\/entretormentas.com\/en-tan-solo-una-semana-alcaldia-de-san-francisco-recolecto-900-toneladas-de-desechos-solidos\/","title":{"rendered":"\u00a1EN TAN S\u00d3LO UNA SEMANA! Alcald\u00eda de San Francisco recolect\u00f3 900 toneladas de desechos s\u00f3lidos"},"content":{"rendered":"\n<p><strong>ENTRE TORMENTAS. <\/strong>En el marco de las pol\u00edticas ambientales emanadas por el Presidente Nicol\u00e1s Maduro e impulsadas por el alcalde H\u00e9ctor Soto, la Alcald\u00eda de San Francisco, a trav\u00e9s del Instituto P\u00fablico Municipal de Ambiente y Aseo Urbano (Imasur) logr\u00f3 la recolecci\u00f3n de 900 mil kilos de desechos s\u00f3lidos en principales v\u00edas de la localidad como Perij\u00e1, Avenida 5, corredor vial La Ca\u00f1ada de Urdaneta, Los Samancitos, El Bajo, El Silencio, Monse\u00f1or Romero, La Portuaria y Los Cortijos.<\/p>\n\n\n\n<p>Abdelis P\u00e9rez, director de Imasur, despleg\u00f3 los operativos integrales que abarcaron desde el ornato y embellecimiento hasta la recolecci\u00f3n masiva e incluso la concienciaci\u00f3n ciudadana, todo bajo un trabajo mancomunado con la Gobernaci\u00f3n del estado Zulia.<\/p>\n\n\n\n<figure class=\"wp-block-image size-large\"><img fetchpriority=\"high\" decoding=\"async\" width=\"1024\" height=\"939\" src=\"https:\/\/entretormentas.com\/wp-content\/uploads\/2025\/10\/LIMPIASUR2-1024x939.jpg\" alt=\"\" class=\"wp-image-22944\" srcset=\"https:\/\/entretormentas.com\/wp-content\/uploads\/2025\/10\/LIMPIASUR2-1024x939.jpg 1024w, https:\/\/entretormentas.com\/wp-content\/uploads\/2025\/10\/LIMPIASUR2-300x275.jpg 300w, https:\/\/entretormentas.com\/wp-content\/uploads\/2025\/10\/LIMPIASUR2-768x704.jpg 768w, https:\/\/entretormentas.com\/wp-content\/uploads\/2025\/10\/LIMPIASUR2.jpg 1200w\" sizes=\"(max-width: 1024px) 100vw, 1024px\" \/><\/figure>\n\n\n\n<p><strong>ORNATO FOCALIZADO<\/strong><br>La Direcci\u00f3n de Plazas y Parques, intervino activamente en puntos estrat\u00e9gicos del municipio, donde se llevaron a cabo labores de desmalezado, poda controlada y limpieza entre ellos en las redomas Flor de Sar\u00f3n y Virgen de Coromoto, ubicadas en la parroquia San Francisco.<\/p>\n\n\n\n<p>Asimismo, en la calle 18 de Sierra Maestra, parroquia Francisco Ochoa, se embelleci\u00f3 la isla central con siembra de 84 plantas de Trinitarias y 42 de Cola de Zorro. As\u00ed mismo, en la calle 171, avenida 5 y el sector La Popular, parroquia Domitila Flores, se han ejecutado trabajos para mantener la salubridad en estas comunidades.<\/p>\n\n\n\n<figure class=\"wp-block-image size-large\"><img decoding=\"async\" width=\"1024\" height=\"576\" src=\"https:\/\/entretormentas.com\/wp-content\/uploads\/2025\/10\/LIMPIASUR3-1024x576.jpg\" alt=\"\" class=\"wp-image-22945\" srcset=\"https:\/\/entretormentas.com\/wp-content\/uploads\/2025\/10\/LIMPIASUR3-1024x576.jpg 1024w, https:\/\/entretormentas.com\/wp-content\/uploads\/2025\/10\/LIMPIASUR3-300x169.jpg 300w, https:\/\/entretormentas.com\/wp-content\/uploads\/2025\/10\/LIMPIASUR3-768x432.jpg 768w, https:\/\/entretormentas.com\/wp-content\/uploads\/2025\/10\/LIMPIASUR3.jpg 1280w\" sizes=\"(max-width: 1024px) 100vw, 1024px\" \/><\/figure>\n\n\n\n<p>Paralelamente la Direcci\u00f3n de Reciclaje, avanz\u00f3 en la formaci\u00f3n ciudadana, concretando faenas de concientizaci\u00f3n en las urbanizaciones El Soler y Sierra Maestra, capacitando a los residentes del sector Limpia Norte, en la zona Mundo Villa, sobre la correcta separaci\u00f3n y clasificaci\u00f3n de los residuos s\u00f3lidos.<\/p>\n\n\n\n<p>Estas acciones consolidan el compromiso del ayuntamiento local con la transformaci\u00f3n ambiental de San Francisco, mejorando la calidad de vida de sus habitantes y promoviendo una cultura ecol\u00f3gica.<br><strong><em>ET \/ Prensa Alcald\u00eda de San Francisco<\/em><\/strong><\/p>\n","protected":false},"excerpt":{"rendered":"<p>ENTRE TORMENTAS. En el marco de las pol\u00edticas ambientales emanadas por el Presidente Nicol\u00e1s Maduro&#8230;<\/p>\n","protected":false},"author":2,"featured_media":22946,"comment_status":"closed","ping_status":"open","sticky":false,"template":"","format":"standard","meta":{"footnotes":""},"categories":[57,1],"tags":[],"class_list":["post-22943","post","type-post","status-publish","format-standard","has-post-thumbnail","hentry","category-actualidad","category-regionales"],"_links":{"self":[{"href":"https:\/\/entretormentas.com\/index.php?rest_route=\/wp\/v2\/posts\/22943","targetHints":{"allow":["GET"]}}],"collection":[{"href":"https:\/\/entretormentas.com\/index.php?rest_route=\/wp\/v2\/posts"}],"about":[{"href":"https:\/\/entretormentas.com\/index.php?rest_route=\/wp\/v2\/types\/post"}],"author":[{"embeddable":true,"href":"https:\/\/entretormentas.com\/index.php?rest_route=\/wp\/v2\/users\/2"}],"replies":[{"embeddable":true,"href":"https:\/\/entretormentas.com\/index.php?rest_route=%2Fwp%2Fv2%2Fcomments&post=22943"}],"version-history":[{"count":1,"href":"https:\/\/entretormentas.com\/index.php?rest_route=\/wp\/v2\/posts\/22943\/revisions"}],"predecessor-version":[{"id":22947,"href":"https:\/\/entretormentas.com\/index.php?rest_route=\/wp\/v2\/posts\/22943\/revisions\/22947"}],"wp:featuredmedia":[{"embeddable":true,"href":"https:\/\/entretormentas.com\/index.php?rest_route=\/wp\/v2\/media\/22946"}],"wp:attachment":[{"href":"https:\/\/entretormentas.com\/index.php?rest_route=%2Fwp%2Fv2%2Fmedia&parent=22943"}],"wp:term":[{"taxonomy":"category","embeddable":true,"href":"https:\/\/entretormentas.com\/index.php?rest_route=%2Fwp%2Fv2%2Fcategories&post=22943"},{"taxonomy":"post_tag","embeddable":true,"href":"https:\/\/entretormentas.com\/index.php?rest_route=%2Fwp%2Fv2%2Ftags&post=22943"}],"curies":[{"name":"wp","href":"https:\/\/api.w.org\/{rel}","templated":true}]}}