{"id":22968,"date":"2025-10-07T04:29:30","date_gmt":"2025-10-07T08:29:30","guid":{"rendered":"https:\/\/entretormentas.com\/?p=22968"},"modified":"2025-10-07T04:29:31","modified_gmt":"2025-10-07T08:29:31","slug":"encuentro-por-la-paz-y-la-vida-pueblo-zuliano-muestra-su-amor-por-la-patria-en-el-ana-maria-campos","status":"publish","type":"post","link":"https:\/\/entretormentas.com\/encuentro-por-la-paz-y-la-vida-pueblo-zuliano-muestra-su-amor-por-la-patria-en-el-ana-maria-campos\/","title":{"rendered":"\u00a1ENCUENTRO POR LA PAZ Y LA VIDA! Pueblo zuliano muestra su amor por la Patria en el Ana Mar\u00eda Campos"},"content":{"rendered":"\n<p><strong>ENTRE TORMENTAS.<\/strong> La Concha Ac\u00fastica del Parque Monumental Ana Mar\u00eda Campos de Maracaibo fue lugar para que el pueblo zuliano, acompa\u00f1ado de su gobernador Luis Caldera y su alcalde Gian Carlo Di Martino, mostrara su amor por la Patria en concentraci\u00f3n por la paz y la vida, convocada por el presidente Nicol\u00e1s Maduro.<\/p>\n\n\n\n<p>Con el lema \u00abGanemos la Paz y defendamos la vida\u00bb, se realiz\u00f3 esta multitudinaria concentraci\u00f3n en la capital zuliana y que fue replicada en los distintos municipios de la regi\u00f3n, para elevar un mensaje al mundo puntualizando que el pa\u00eds y sus distintos territorios son de paz, a la que nunca su pueblo va a renunciar.<\/p>\n\n\n\n<figure class=\"wp-block-image size-large\"><img fetchpriority=\"high\" decoding=\"async\" width=\"1024\" height=\"682\" src=\"https:\/\/entretormentas.com\/wp-content\/uploads\/2025\/10\/zuliapaz2-1024x682.jpg\" alt=\"\" class=\"wp-image-22969\" srcset=\"https:\/\/entretormentas.com\/wp-content\/uploads\/2025\/10\/zuliapaz2-1024x682.jpg 1024w, https:\/\/entretormentas.com\/wp-content\/uploads\/2025\/10\/zuliapaz2-300x200.jpg 300w, https:\/\/entretormentas.com\/wp-content\/uploads\/2025\/10\/zuliapaz2-768x512.jpg 768w, https:\/\/entretormentas.com\/wp-content\/uploads\/2025\/10\/zuliapaz2.jpg 1280w\" sizes=\"(max-width: 1024px) 100vw, 1024px\" \/><\/figure>\n\n\n\n<p>La actividad se desarroll\u00f3 para apoyar la movilizaci\u00f3n nacional para exigir, ante la sede de la Organizaci\u00f3n de las Naciones Unidas en Caracas, el fin de las amenazas criminales y las operaciones de falsa bandera para justificar una intervenci\u00f3n del gobierno de Estados Unidos en la Patria venezolana.<\/p>\n\n\n\n<p>El gobernador Caldera expres\u00f3 que el pueblo zuliano se uni\u00f3 a esta gran manifestaci\u00f3n nacional: \u201cNos alistamos, nos preparamos para la defensa de la Patria, pero seguimos apostando a la diplomacia de paz, al llamado internacional, a la gran reflexi\u00f3n en defensa de la vida, de los derechos humanos, de nuestra soberan\u00eda, de la estabilidad\u201d, expres\u00f3 el gobernador.<\/p>\n\n\n\n<p>El mandatario regional recalc\u00f3 que el Zulia es un territorio de paz en sus 21 municipios, donde se han venido aglutinando los esfuerzos desde el Consejo Nacional por la Soberan\u00eda y la Paz; as\u00ed como el despliegue realizado por la Fuerza Armada Nacional Bolivariana (Fanb), con la instalaci\u00f3n de la ODI Zulia, los 21 \u00d3rganos Municipales de Direcci\u00f3n para la Defensa Integral y de las 576 Unidades Comunales de Milicia, que significan la preparaci\u00f3n para la defensa de la paz.<\/p>\n\n\n\n<figure class=\"wp-block-image size-large\"><img decoding=\"async\" width=\"1024\" height=\"682\" src=\"https:\/\/entretormentas.com\/wp-content\/uploads\/2025\/10\/zuliapaz3-1024x682.jpg\" alt=\"\" class=\"wp-image-22970\" srcset=\"https:\/\/entretormentas.com\/wp-content\/uploads\/2025\/10\/zuliapaz3-1024x682.jpg 1024w, https:\/\/entretormentas.com\/wp-content\/uploads\/2025\/10\/zuliapaz3-300x200.jpg 300w, https:\/\/entretormentas.com\/wp-content\/uploads\/2025\/10\/zuliapaz3-768x512.jpg 768w, https:\/\/entretormentas.com\/wp-content\/uploads\/2025\/10\/zuliapaz3.jpg 1280w\" sizes=\"(max-width: 1024px) 100vw, 1024px\" \/><\/figure>\n\n\n\n<p>El alcalde de Maracaibo, Di Martino, enfatiz\u00f3 que los zulianos se unieron con fuerza a esta gran manifestaci\u00f3n nacional, como portador de amor y paz, para decirle al gobierno norteamericano que hay un pueblo firme que no ceder\u00e1 ni un mil\u00edmetro de la naci\u00f3n bolivariana.<\/p>\n\n\n\n<p>\u201cSomos un pueblo firme y siempre ha estado firme desde que lleg\u00f3 la revoluci\u00f3n y hoy no vamos a ceder ni un mil\u00edmetro, porque estamos conscientes de que somos el pueblo de Bol\u00edvar, somos el pueblo de Ch\u00e1vez, el pueblo de Nicol\u00e1s Maduro, el pueblo de la gran patria que quiere paz y que transitaremos \u00fanica y exclusivamente por este camino\u201d, apostill\u00f3 Di Martino.<br><strong><em>ET \/ Nota de Prensa<\/em><\/strong><\/p>\n","protected":false},"excerpt":{"rendered":"<p>ENTRE TORMENTAS. La Concha Ac\u00fastica del Parque Monumental Ana Mar\u00eda Campos de Maracaibo fue lugar&#8230;<\/p>\n","protected":false},"author":2,"featured_media":22971,"comment_status":"closed","ping_status":"open","sticky":false,"template":"","format":"standard","meta":{"footnotes":""},"categories":[57,1],"tags":[],"class_list":["post-22968","post","type-post","status-publish","format-standard","has-post-thumbnail","hentry","category-actualidad","category-regionales"],"_links":{"self":[{"href":"https:\/\/entretormentas.com\/index.php?rest_route=\/wp\/v2\/posts\/22968","targetHints":{"allow":["GET"]}}],"collection":[{"href":"https:\/\/entretormentas.com\/index.php?rest_route=\/wp\/v2\/posts"}],"about":[{"href":"https:\/\/entretormentas.com\/index.php?rest_route=\/wp\/v2\/types\/post"}],"author":[{"embeddable":true,"href":"https:\/\/entretormentas.com\/index.php?rest_route=\/wp\/v2\/users\/2"}],"replies":[{"embeddable":true,"href":"https:\/\/entretormentas.com\/index.php?rest_route=%2Fwp%2Fv2%2Fcomments&post=22968"}],"version-history":[{"count":1,"href":"https:\/\/entretormentas.com\/index.php?rest_route=\/wp\/v2\/posts\/22968\/revisions"}],"predecessor-version":[{"id":22972,"href":"https:\/\/entretormentas.com\/index.php?rest_route=\/wp\/v2\/posts\/22968\/revisions\/22972"}],"wp:featuredmedia":[{"embeddable":true,"href":"https:\/\/entretormentas.com\/index.php?rest_route=\/wp\/v2\/media\/22971"}],"wp:attachment":[{"href":"https:\/\/entretormentas.com\/index.php?rest_route=%2Fwp%2Fv2%2Fmedia&parent=22968"}],"wp:term":[{"taxonomy":"category","embeddable":true,"href":"https:\/\/entretormentas.com\/index.php?rest_route=%2Fwp%2Fv2%2Fcategories&post=22968"},{"taxonomy":"post_tag","embeddable":true,"href":"https:\/\/entretormentas.com\/index.php?rest_route=%2Fwp%2Fv2%2Ftags&post=22968"}],"curies":[{"name":"wp","href":"https:\/\/api.w.org\/{rel}","templated":true}]}}