{"id":22978,"date":"2025-10-07T04:36:35","date_gmt":"2025-10-07T08:36:35","guid":{"rendered":"https:\/\/entretormentas.com\/?p=22978"},"modified":"2025-10-07T05:00:56","modified_gmt":"2025-10-07T09:00:56","slug":"plan-corazon-zuliano-impulsado-por-los-gobiernos-nacional-y-regional-implantan-marcapasos-a-cinco-adultos-mayores-en-el-hum-2","status":"publish","type":"post","link":"https:\/\/entretormentas.com\/plan-corazon-zuliano-impulsado-por-los-gobiernos-nacional-y-regional-implantan-marcapasos-a-cinco-adultos-mayores-en-el-hum-2\/","title":{"rendered":"\u00a1TRABAJO MANCOMUNADO! Inician construcci\u00f3n de viviendas para afectados por explosi\u00f3n en Marcial Hern\u00e1ndez"},"content":{"rendered":"\n<p>ENTRE TORMENTAS. Junto al Viceministro del Poder Popular para el H\u00e1bitat y Vivienda, G\/D Audi Delgado, el Alcalde de San Francisco, H\u00e9ctor Soto, en nombre de los tres niveles de Gobierno, dio inicio a los trabajos de construcci\u00f3n de viviendas en el Urbanismo General Rafael Urdaneta, ubicado en el sector La Portuaria de la parroquia Francisco Ochoa, donde ser\u00e1n reubicadas familias cuyos hogares fueron destruidos durante el incendio de la f\u00e1brica de fuegos artificiales Gallo Verde, en la parroquia Marcial Hern\u00e1ndez.<\/p>\n\n\n\n<p>Tras culminar la primera etapa de este proyecto habitacional, que abarc\u00f3 la limpieza de los tres lotes de terreno y la demarcaci\u00f3n topogr\u00e1fica, el equipo mancomunado entre los cuatro niveles de gobierno (nacional, regional, municipal y comunal) comenz\u00f3 las labores de construcci\u00f3n de las primeras 38 viviendas pareadas, destinadas a las familias que perdieron su hogar en el lamentable suceso de Marcial Hern\u00e1ndez.<\/p>\n\n\n\n<figure class=\"wp-block-image size-large\"><img fetchpriority=\"high\" decoding=\"async\" width=\"1024\" height=\"658\" src=\"https:\/\/entretormentas.com\/wp-content\/uploads\/2025\/10\/casasexplo2-1024x658.jpg\" alt=\"\" class=\"wp-image-22979\" srcset=\"https:\/\/entretormentas.com\/wp-content\/uploads\/2025\/10\/casasexplo2-1024x658.jpg 1024w, https:\/\/entretormentas.com\/wp-content\/uploads\/2025\/10\/casasexplo2-300x193.jpg 300w, https:\/\/entretormentas.com\/wp-content\/uploads\/2025\/10\/casasexplo2-768x493.jpg 768w, https:\/\/entretormentas.com\/wp-content\/uploads\/2025\/10\/casasexplo2-1115x715.jpg 1115w, https:\/\/entretormentas.com\/wp-content\/uploads\/2025\/10\/casasexplo2.jpg 1280w\" sizes=\"(max-width: 1024px) 100vw, 1024px\" \/><\/figure>\n\n\n\n<p>El viceministro Audi Delgado resalt\u00f3 que, \u201ca pesar de las medidas coercitivas unilaterales en contra de nuestra patria, el Presidente Constitucional Nicol\u00e1s Maduro y el Ministro del Poder Popular para el H\u00e1bitat y Vivienda, G\/D Ra\u00fal Paredes, han garantizado la llegada de los materiales necesarios para ejecutar este urbanismo que viene a brindar bienestar a estas familias que han pasado por tanto\u201d<\/p>\n\n\n\n<figure class=\"wp-block-image size-full\"><img decoding=\"async\" width=\"908\" height=\"886\" src=\"https:\/\/entretormentas.com\/wp-content\/uploads\/2025\/10\/casasexplo3.jpg\" alt=\"\" class=\"wp-image-22980\" srcset=\"https:\/\/entretormentas.com\/wp-content\/uploads\/2025\/10\/casasexplo3.jpg 908w, https:\/\/entretormentas.com\/wp-content\/uploads\/2025\/10\/casasexplo3-300x293.jpg 300w, https:\/\/entretormentas.com\/wp-content\/uploads\/2025\/10\/casasexplo3-768x749.jpg 768w\" sizes=\"(max-width: 908px) 100vw, 908px\" \/><\/figure>\n\n\n\n<p>FRENTES DE TRABAJOS ACTIVOS<br>El mandatario municipal inform\u00f3 que actualmente se mantienen activos varios frentes de trabajo para atender a las familias afectadas en materia de vivienda, a trav\u00e9s de la rehabilitaci\u00f3n y autoconstrucci\u00f3n de infraestructuras da\u00f1adas en la parroquia Marcial Hern\u00e1ndez, as\u00ed como con la construcci\u00f3n de nuevos hogares que brindar\u00e1n estabilidad y esperanza a las familias que lo perdieron todo.<\/p>\n\n\n\n<p>Lenis Urdaneta, quien ser\u00e1 beneficiada con una de las viviendas, expres\u00f3 entre l\u00e1grimas su alegr\u00eda por tener nuevamente un lugar donde vivir junto a su familia. \u201cDesde el primer d\u00eda hemos tenido el apoyo de la Gobernaci\u00f3n y de nuestro alcalde H\u00e9ctor Soto. Estoy muy contenta, no solo por m\u00ed, sino por todos mis vecinos\u201d, manifest\u00f3.<\/p>\n\n\n\n<p>Esta acci\u00f3n forma parte de las pol\u00edticas implementadas por el Gobierno Nacional y direccionadas por el Gobernador del estado Zulia, Luis Caldera, y el Alcalde de San Francisco, H\u00e9ctor Soto, en respuesta a las familias afectadas por la explosi\u00f3n, quienes a partir de esta nueva etapa contar\u00e1n con un hogar digno, lleno de luz y esperanza.<br>ET \/ Prensa Alcald\u00eda de San Francisco<\/p>\n\n\n\n<p><\/p>\n","protected":false},"excerpt":{"rendered":"<p>ENTRE TORMENTAS. Junto al Viceministro del Poder Popular para el H\u00e1bitat y Vivienda, G\/D Audi&#8230;<\/p>\n","protected":false},"author":2,"featured_media":22981,"comment_status":"closed","ping_status":"open","sticky":false,"template":"","format":"standard","meta":{"footnotes":""},"categories":[57,1],"tags":[],"class_list":["post-22978","post","type-post","status-publish","format-standard","has-post-thumbnail","hentry","category-actualidad","category-regionales"],"_links":{"self":[{"href":"https:\/\/entretormentas.com\/index.php?rest_route=\/wp\/v2\/posts\/22978","targetHints":{"allow":["GET"]}}],"collection":[{"href":"https:\/\/entretormentas.com\/index.php?rest_route=\/wp\/v2\/posts"}],"about":[{"href":"https:\/\/entretormentas.com\/index.php?rest_route=\/wp\/v2\/types\/post"}],"author":[{"embeddable":true,"href":"https:\/\/entretormentas.com\/index.php?rest_route=\/wp\/v2\/users\/2"}],"replies":[{"embeddable":true,"href":"https:\/\/entretormentas.com\/index.php?rest_route=%2Fwp%2Fv2%2Fcomments&post=22978"}],"version-history":[{"count":2,"href":"https:\/\/entretormentas.com\/index.php?rest_route=\/wp\/v2\/posts\/22978\/revisions"}],"predecessor-version":[{"id":23004,"href":"https:\/\/entretormentas.com\/index.php?rest_route=\/wp\/v2\/posts\/22978\/revisions\/23004"}],"wp:featuredmedia":[{"embeddable":true,"href":"https:\/\/entretormentas.com\/index.php?rest_route=\/wp\/v2\/media\/22981"}],"wp:attachment":[{"href":"https:\/\/entretormentas.com\/index.php?rest_route=%2Fwp%2Fv2%2Fmedia&parent=22978"}],"wp:term":[{"taxonomy":"category","embeddable":true,"href":"https:\/\/entretormentas.com\/index.php?rest_route=%2Fwp%2Fv2%2Fcategories&post=22978"},{"taxonomy":"post_tag","embeddable":true,"href":"https:\/\/entretormentas.com\/index.php?rest_route=%2Fwp%2Fv2%2Ftags&post=22978"}],"curies":[{"name":"wp","href":"https:\/\/api.w.org\/{rel}","templated":true}]}}