{"id":22989,"date":"2025-10-07T04:42:59","date_gmt":"2025-10-07T08:42:59","guid":{"rendered":"https:\/\/entretormentas.com\/?p=22989"},"modified":"2025-10-07T04:42:59","modified_gmt":"2025-10-07T08:42:59","slug":"maduro-eeuu-fue-informado-sobre-quien-planifico-atentado-a-su-embajada-en-caracas","status":"publish","type":"post","link":"https:\/\/entretormentas.com\/maduro-eeuu-fue-informado-sobre-quien-planifico-atentado-a-su-embajada-en-caracas\/","title":{"rendered":"MADURO: \u00abEEUU fue informado sobre qui\u00e9n planific\u00f3 atentado a su embajada en Caracas\u00bb"},"content":{"rendered":"\n<p><strong>ENTRE TORMENTAS. <\/strong>Durante su programa Con Maduro +, el presidente Nicol\u00e1s Maduro denunci\u00f3 la noche de este lunes, que los planes de atentado con explosivos contra la embajada de los Estados Unidos (EEUU) en Venezuela tendr\u00edan como objetivo provocar una escalada entre ambos pa\u00edses que derive en una guerra.<\/p>\n\n\n\n<p>\u00abEs una operaci\u00f3n t\u00edpica de falsa bandera, de provocaci\u00f3n, para despu\u00e9s armar el esc\u00e1ndalo y utilizar el poder comunicacional que tienen en medios y redes sociales para culpar al Gobierno Bolivariano y comenzar una escalada donde nadie pregunte qui\u00e9n lo hizo y porqu\u00e9 lo hizo, sino que se escucha es el repiqueteo de fusiles\u00bb, se\u00f1al\u00f3.<\/p>\n\n\n\n<p>El Mandatario nacional ratific\u00f3 que ante esta amenaza el Gobierno venezolano reforz\u00f3 las medidas de seguridad para esta sede diplom\u00e1tica, en coordinaci\u00f3n con los equipos de seguridad que mantiene EEUU dentro de las instalaciones de su sede diplom\u00e1tica que record\u00f3 \u00abes territorio estadounidense, tal y como dictan las normas y tratados internacionales\u00bb.<\/p>\n\n\n\n<p>Asimismo, adelant\u00f3 que la tarde de este lunes el jefe de la Delegaci\u00f3n para el Di\u00e1logo por Venezuela, Jorge Rodr\u00edguez, inform\u00f3 oficialmente al Gobierno de los Estados Unidos sobre esta informaci\u00f3n, as\u00ed como detalles de los involucrados dentro y fuera del pa\u00eds.<\/p>\n\n\n\n<p>\u00abLa investigaci\u00f3n contin\u00faa y en la tarde del d\u00eda de hoy el doctor Jorge Rodr\u00edguez inform\u00f3 oficialmente al Gobierno de los EEUU sobre los responsables de este atentado terroristas y se les inform\u00f3 donde est\u00e1n y se les dijo que nosotros estamos tras la b\u00fasqueda de los responsables que est\u00e1n en Venezuela\u00bb, inform\u00f3.<\/p>\n\n\n\n<p>Detall\u00f3 que la obtenci\u00f3n de la informaci\u00f3n fue obtenida por dos fuentes confiables \u00abuna nacional y otra internacional\u00bb, por lo que se llevaron a cabo las investigaciones hasta constatar la realidad de este plan terrorista.<\/p>\n\n\n\n<p>\u00abEn la l\u00ednea de desarrollo se comprob\u00f3 que hab\u00eda una tentativa muy peligrosa por lo que decidimos actuar a tiempo\u00bb, sostuvo al tiempo que remarc\u00f3 que estas acciones est\u00e1n dirigidas por sectores extremistas que buscan una confrontaci\u00f3n b\u00e9lica entre EEUU y Venezuela.<\/p>\n\n\n\n<p>\u00ab\u00bfA qui\u00e9n beneficiaba esta acci\u00f3n terrorista?\u00bb, interrog\u00f3 y revel\u00f3 que las investigaciones apuntan a que esto fue solicitado y avalado por una personas \u00abque ya se sabr\u00e1 porque las investigaciones est\u00e1n en pleno desarrollo\u00bb.<br><strong><em>ET \/ Con el Mazo Dando<\/em><\/strong><\/p>\n\n\n\n<p><\/p>\n","protected":false},"excerpt":{"rendered":"<p>ENTRE TORMENTAS. Durante su programa Con Maduro +, el presidente Nicol\u00e1s Maduro denunci\u00f3 la noche&#8230;<\/p>\n","protected":false},"author":2,"featured_media":22990,"comment_status":"closed","ping_status":"open","sticky":false,"template":"","format":"standard","meta":{"footnotes":""},"categories":[56,49],"tags":[],"class_list":["post-22989","post","type-post","status-publish","format-standard","has-post-thumbnail","hentry","category-destacadas","category-nacionales"],"_links":{"self":[{"href":"https:\/\/entretormentas.com\/index.php?rest_route=\/wp\/v2\/posts\/22989","targetHints":{"allow":["GET"]}}],"collection":[{"href":"https:\/\/entretormentas.com\/index.php?rest_route=\/wp\/v2\/posts"}],"about":[{"href":"https:\/\/entretormentas.com\/index.php?rest_route=\/wp\/v2\/types\/post"}],"author":[{"embeddable":true,"href":"https:\/\/entretormentas.com\/index.php?rest_route=\/wp\/v2\/users\/2"}],"replies":[{"embeddable":true,"href":"https:\/\/entretormentas.com\/index.php?rest_route=%2Fwp%2Fv2%2Fcomments&post=22989"}],"version-history":[{"count":1,"href":"https:\/\/entretormentas.com\/index.php?rest_route=\/wp\/v2\/posts\/22989\/revisions"}],"predecessor-version":[{"id":22991,"href":"https:\/\/entretormentas.com\/index.php?rest_route=\/wp\/v2\/posts\/22989\/revisions\/22991"}],"wp:featuredmedia":[{"embeddable":true,"href":"https:\/\/entretormentas.com\/index.php?rest_route=\/wp\/v2\/media\/22990"}],"wp:attachment":[{"href":"https:\/\/entretormentas.com\/index.php?rest_route=%2Fwp%2Fv2%2Fmedia&parent=22989"}],"wp:term":[{"taxonomy":"category","embeddable":true,"href":"https:\/\/entretormentas.com\/index.php?rest_route=%2Fwp%2Fv2%2Fcategories&post=22989"},{"taxonomy":"post_tag","embeddable":true,"href":"https:\/\/entretormentas.com\/index.php?rest_route=%2Fwp%2Fv2%2Ftags&post=22989"}],"curies":[{"name":"wp","href":"https:\/\/api.w.org\/{rel}","templated":true}]}}