{"id":23018,"date":"2025-10-08T04:15:49","date_gmt":"2025-10-08T08:15:49","guid":{"rendered":"https:\/\/entretormentas.com\/?p=23018"},"modified":"2025-10-08T04:15:50","modified_gmt":"2025-10-08T08:15:50","slug":"este-miercoles-18-oct-alcaldia-de-maracaibo-anuncia-mercados-populares-frente-al-palacio-municipal","status":"publish","type":"post","link":"https:\/\/entretormentas.com\/este-miercoles-18-oct-alcaldia-de-maracaibo-anuncia-mercados-populares-frente-al-palacio-municipal\/","title":{"rendered":"\u00a1ESTE MI\u00c9RCOLES 18-OCT! Alcald\u00eda de Maracaibo anuncia mercados populares frente al Palacio Municipal"},"content":{"rendered":"\n<p><strong>ENTRE TORMENTAS. <\/strong>La Alcald\u00eda de Maracaibo invita a todos los ciudadanos a participar en la gran mega jornada de Mercados Populares que se llevar\u00e1 a cabo este mi\u00e9rcoles 8 de octubre, frente al Palacio Municipal, desde las 7:00 de la ma\u00f1ana hasta las 4:00 de la tarde.<\/p>\n\n\n\n<p>El director general de Alimentaci\u00f3n, Gelson Carrillo, inform\u00f3 que esta actividad forma parte del cronograma de jornadas que, a partir de ahora, se desarrollar\u00e1n dos veces por semana en distintas parroquias de la ciudad. Esto es una respuesta del alcalde Giancarlo Di Martino a la solicitud de las comunidades, que ped\u00eda aumentar la frecuencia de las mega jornadas sociales.<\/p>\n\n\n\n<p><strong>PRECIOS ACCESIBLES<\/strong><br>Por su parte, el director del despacho del alcalde, Gianluigi Di Martino, destac\u00f3 que estas iniciativas buscan acercar productos y servicios esenciales a la comunidad a precios accesibles.<\/p>\n\n\n\n<figure class=\"wp-block-image size-large\"><img fetchpriority=\"high\" decoding=\"async\" width=\"1024\" height=\"683\" src=\"https:\/\/entretormentas.com\/wp-content\/uploads\/2025\/10\/MERCADIII2-1024x683.jpg\" alt=\"\" class=\"wp-image-23019\" srcset=\"https:\/\/entretormentas.com\/wp-content\/uploads\/2025\/10\/MERCADIII2-1024x683.jpg 1024w, https:\/\/entretormentas.com\/wp-content\/uploads\/2025\/10\/MERCADIII2-300x200.jpg 300w, https:\/\/entretormentas.com\/wp-content\/uploads\/2025\/10\/MERCADIII2-768x512.jpg 768w, https:\/\/entretormentas.com\/wp-content\/uploads\/2025\/10\/MERCADIII2.jpg 1080w\" sizes=\"(max-width: 1024px) 100vw, 1024px\" \/><\/figure>\n\n\n\n<p>En esta edici\u00f3n n\u00famero 11 de los Mercados Populares, los asistentes podr\u00e1n adquirir productos de la cesta b\u00e1sica a precios solidarios, tales como pollo, huevos, v\u00edveres, frutas, carnes, pan, mortadela, leche, pescado, caf\u00e9, condimentos, queso, verduras, hortalizas, pl\u00e1tanos, jugos, entre otros.<\/p>\n\n\n\n<p><strong>ATENCI\u00d3N M\u00c9DICA Y CONSULTAS VETERINARIAS<\/strong><br>Adem\u00e1s, la jornada ofrecer\u00e1 servicios m\u00e9dicos gratuitos, incluyendo medicina general, pediatr\u00eda, odontolog\u00eda, inmunizaciones, valoraci\u00f3n nutricional, despistaje de hipertensi\u00f3n y diabetes, y entrega de medicamentos.<\/p>\n\n\n\n<p>Tambi\u00e9n se contar\u00e1 con consultas veterinarias a cargo de la Direcci\u00f3n de Protecci\u00f3n Animal, que incluir\u00e1n desparasitaciones, vacunas antirr\u00e1bicas, corte de u\u00f1as y limpieza de o\u00eddos para las mascotas.<\/p>\n\n\n\n<p><strong>TR\u00c1MITES SEGUROS<\/strong><br>La Sindicatura Municipal participar\u00e1 brindando asesor\u00eda legal sobre la regularizaci\u00f3n de la posesi\u00f3n de terrenos, garantizando que los ciudadanos puedan realizar sus tr\u00e1mites de manera segura y conforme a la ley. Asimismo, el Instituto Municipal de la Mujer ofrecer\u00e1 informaci\u00f3n sobre sus programas y actividades en defensa de los derechos de la mujer y la igualdad de g\u00e9nero.<\/p>\n\n\n\n<p>La jornada contar\u00e1 adem\u00e1s con el apoyo de la Misi\u00f3n Robert Serra, que ofrecer\u00e1 servicios de barber\u00eda, peluquer\u00eda, y cuidado de u\u00f1as y cejas.<br><strong><em>ET \/ Prensa Alcald\u00eda de Maracaibo<\/em><\/strong><\/p>\n\n\n\n<p><\/p>\n","protected":false},"excerpt":{"rendered":"<p>ENTRE TORMENTAS. La Alcald\u00eda de Maracaibo invita a todos los ciudadanos a participar en la&#8230;<\/p>\n","protected":false},"author":2,"featured_media":23020,"comment_status":"closed","ping_status":"open","sticky":false,"template":"","format":"standard","meta":{"footnotes":""},"categories":[57,1],"tags":[],"class_list":["post-23018","post","type-post","status-publish","format-standard","has-post-thumbnail","hentry","category-actualidad","category-regionales"],"_links":{"self":[{"href":"https:\/\/entretormentas.com\/index.php?rest_route=\/wp\/v2\/posts\/23018","targetHints":{"allow":["GET"]}}],"collection":[{"href":"https:\/\/entretormentas.com\/index.php?rest_route=\/wp\/v2\/posts"}],"about":[{"href":"https:\/\/entretormentas.com\/index.php?rest_route=\/wp\/v2\/types\/post"}],"author":[{"embeddable":true,"href":"https:\/\/entretormentas.com\/index.php?rest_route=\/wp\/v2\/users\/2"}],"replies":[{"embeddable":true,"href":"https:\/\/entretormentas.com\/index.php?rest_route=%2Fwp%2Fv2%2Fcomments&post=23018"}],"version-history":[{"count":1,"href":"https:\/\/entretormentas.com\/index.php?rest_route=\/wp\/v2\/posts\/23018\/revisions"}],"predecessor-version":[{"id":23021,"href":"https:\/\/entretormentas.com\/index.php?rest_route=\/wp\/v2\/posts\/23018\/revisions\/23021"}],"wp:featuredmedia":[{"embeddable":true,"href":"https:\/\/entretormentas.com\/index.php?rest_route=\/wp\/v2\/media\/23020"}],"wp:attachment":[{"href":"https:\/\/entretormentas.com\/index.php?rest_route=%2Fwp%2Fv2%2Fmedia&parent=23018"}],"wp:term":[{"taxonomy":"category","embeddable":true,"href":"https:\/\/entretormentas.com\/index.php?rest_route=%2Fwp%2Fv2%2Fcategories&post=23018"},{"taxonomy":"post_tag","embeddable":true,"href":"https:\/\/entretormentas.com\/index.php?rest_route=%2Fwp%2Fv2%2Ftags&post=23018"}],"curies":[{"name":"wp","href":"https:\/\/api.w.org\/{rel}","templated":true}]}}