{"id":23035,"date":"2025-10-08T04:33:26","date_gmt":"2025-10-08T08:33:26","guid":{"rendered":"https:\/\/entretormentas.com\/?p=23035"},"modified":"2025-10-08T04:33:27","modified_gmt":"2025-10-08T08:33:27","slug":"instalados-por-la-alcaldia-de-maracaibo-nuevos-semaforos-digitales-ya-estan-en-15-intersecciones-de-bella-vista","status":"publish","type":"post","link":"https:\/\/entretormentas.com\/instalados-por-la-alcaldia-de-maracaibo-nuevos-semaforos-digitales-ya-estan-en-15-intersecciones-de-bella-vista\/","title":{"rendered":"\u00a1INSTALADOS POR LA ALCALD\u00cdA DE MARACAIBO! Nuevos sem\u00e1foros digitales ya est\u00e1n en 15 intersecciones de Bella Vista"},"content":{"rendered":"\n<p><strong>ENTRE TORMENTAS.<\/strong> La Alcald\u00eda de Maracaibo, a trav\u00e9s del Instituto Municipal de Transporte Colectivo y Urbano de Pasajeros de Maracaibo (IMTCUMA), avanza con la instalaci\u00f3n de los nuevos sem\u00e1foros con pantallas digitales en los principales corredores viales de la ciudad.<\/p>\n\n\n\n<p>Este martes 7 de octubre inici\u00f3 con la instalaci\u00f3n en la avenida 4 Bella Vista, en donde se intervendr\u00e1 en sentido casco central hacia la avenida El Milagro, en una acci\u00f3n articulada bajo los lineamientos del Gobierno del presidente Nicol\u00e1s Maduro Moros, el gobernador del estado Zulia, Luis Caldera, el alcalde Giancarlo Di Martino y el poder popular.<\/p>\n\n\n\n<figure class=\"wp-block-image size-large\"><img fetchpriority=\"high\" decoding=\"async\" width=\"1024\" height=\"552\" src=\"https:\/\/entretormentas.com\/wp-content\/uploads\/2025\/10\/semadi1-1024x552.jpg\" alt=\"\" class=\"wp-image-23036\" srcset=\"https:\/\/entretormentas.com\/wp-content\/uploads\/2025\/10\/semadi1-1024x552.jpg 1024w, https:\/\/entretormentas.com\/wp-content\/uploads\/2025\/10\/semadi1-300x162.jpg 300w, https:\/\/entretormentas.com\/wp-content\/uploads\/2025\/10\/semadi1-768x414.jpg 768w, https:\/\/entretormentas.com\/wp-content\/uploads\/2025\/10\/semadi1.jpg 1080w\" sizes=\"(max-width: 1024px) 100vw, 1024px\" \/><\/figure>\n\n\n\n<p>El presidente del IMTCUMA, Rafael L\u00e1rez, inform\u00f3 que la instalaci\u00f3n de los nuevos sem\u00e1foros de pantallas digitales con tecnolog\u00eda Diodo Emisor de Luz (LED), arranc\u00f3 en la calle 89E con Av. 4 Bella Vista y abarcar\u00e1 15 intersecciones de la ciudad.<\/p>\n\n\n\n<p>L\u00e1rez record\u00f3 que estos trabajos son la continuaci\u00f3n de la instalaci\u00f3n los primeros paneles de sem\u00e1foros LED en la intersecci\u00f3n de avenida Universidad con Cecilio Acosta, el pasado s\u00e1bado 4 de octubre. \u201cEl IMTCUMA priorizar\u00e1 los corredores que nos arroj\u00f3 el estudio de tr\u00e1nsito vial que se hizo sobre los puntos con mayor tr\u00e1fico vehicular. De esta manera, actualizaremos m\u00e1s de 250 sem\u00e1foros para un aproximado de 50 intersecciones en la ciudad de Maracaibo\u201d, indic\u00f3.<\/p>\n\n\n\n<p>Tambi\u00e9n detall\u00f3 que estos equipos LED brindan la posibilidad de mejorar la visibilidad, abarcando un \u00e1ngulo de 90 grados, que regulariza el brillo de acuerdo al horario haci\u00e9ndose m\u00e1s intenso por las noches para el confort de los conductores y adapt\u00e1ndose a la luz del d\u00eda.<\/p>\n\n\n\n<figure class=\"wp-block-image size-large\"><img decoding=\"async\" width=\"1024\" height=\"768\" src=\"https:\/\/entretormentas.com\/wp-content\/uploads\/2025\/10\/semadi3-1024x768.jpg\" alt=\"\" class=\"wp-image-23037\" srcset=\"https:\/\/entretormentas.com\/wp-content\/uploads\/2025\/10\/semadi3-1024x768.jpg 1024w, https:\/\/entretormentas.com\/wp-content\/uploads\/2025\/10\/semadi3-300x225.jpg 300w, https:\/\/entretormentas.com\/wp-content\/uploads\/2025\/10\/semadi3-768x576.jpg 768w, https:\/\/entretormentas.com\/wp-content\/uploads\/2025\/10\/semadi3.jpg 1280w\" sizes=\"(max-width: 1024px) 100vw, 1024px\" \/><\/figure>\n\n\n\n<p>\u201cEstos sem\u00e1foros adem\u00e1s cuentan una vida \u00fatil de 50.000 horas y una alta eficiencia energ\u00e9tica, siendo mucho m\u00e1s amigable con el ambiente\u201d, recalc\u00f3 L\u00e1rez<\/p>\n\n\n\n<p>Asimismo, record\u00f3 que cuentan con un sistema de conteo regresivo y adaptaci\u00f3n al tr\u00e1fico, dando como resultado una mejora en la experiencia vial tanto para usuarios que manejan diversos tipos de veh\u00edculos como para los transe\u00fantes marabinos.<br><strong><em>ET \/ Prensa Alcald\u00eda de Maracaibo<\/em><\/strong><\/p>\n\n\n\n<p><\/p>\n","protected":false},"excerpt":{"rendered":"<p>ENTRE TORMENTAS. La Alcald\u00eda de Maracaibo, a trav\u00e9s del Instituto Municipal de Transporte Colectivo y&#8230;<\/p>\n","protected":false},"author":2,"featured_media":23038,"comment_status":"closed","ping_status":"open","sticky":false,"template":"","format":"standard","meta":{"footnotes":""},"categories":[57,1],"tags":[],"class_list":["post-23035","post","type-post","status-publish","format-standard","has-post-thumbnail","hentry","category-actualidad","category-regionales"],"_links":{"self":[{"href":"https:\/\/entretormentas.com\/index.php?rest_route=\/wp\/v2\/posts\/23035","targetHints":{"allow":["GET"]}}],"collection":[{"href":"https:\/\/entretormentas.com\/index.php?rest_route=\/wp\/v2\/posts"}],"about":[{"href":"https:\/\/entretormentas.com\/index.php?rest_route=\/wp\/v2\/types\/post"}],"author":[{"embeddable":true,"href":"https:\/\/entretormentas.com\/index.php?rest_route=\/wp\/v2\/users\/2"}],"replies":[{"embeddable":true,"href":"https:\/\/entretormentas.com\/index.php?rest_route=%2Fwp%2Fv2%2Fcomments&post=23035"}],"version-history":[{"count":1,"href":"https:\/\/entretormentas.com\/index.php?rest_route=\/wp\/v2\/posts\/23035\/revisions"}],"predecessor-version":[{"id":23039,"href":"https:\/\/entretormentas.com\/index.php?rest_route=\/wp\/v2\/posts\/23035\/revisions\/23039"}],"wp:featuredmedia":[{"embeddable":true,"href":"https:\/\/entretormentas.com\/index.php?rest_route=\/wp\/v2\/media\/23038"}],"wp:attachment":[{"href":"https:\/\/entretormentas.com\/index.php?rest_route=%2Fwp%2Fv2%2Fmedia&parent=23035"}],"wp:term":[{"taxonomy":"category","embeddable":true,"href":"https:\/\/entretormentas.com\/index.php?rest_route=%2Fwp%2Fv2%2Fcategories&post=23035"},{"taxonomy":"post_tag","embeddable":true,"href":"https:\/\/entretormentas.com\/index.php?rest_route=%2Fwp%2Fv2%2Ftags&post=23035"}],"curies":[{"name":"wp","href":"https:\/\/api.w.org\/{rel}","templated":true}]}}