{"id":23040,"date":"2025-10-08T04:36:51","date_gmt":"2025-10-08T08:36:51","guid":{"rendered":"https:\/\/entretormentas.com\/?p=23040"},"modified":"2025-10-08T04:36:52","modified_gmt":"2025-10-08T08:36:52","slug":"celebracion-de-fe-gobernador-caldera-acompana-a-rosario-de-perija-en-la-festividad-de-su-patrona-la-virgen-del-rosario","status":"publish","type":"post","link":"https:\/\/entretormentas.com\/celebracion-de-fe-gobernador-caldera-acompana-a-rosario-de-perija-en-la-festividad-de-su-patrona-la-virgen-del-rosario\/","title":{"rendered":"\u00a1CELEBRACI\u00d3N DE FE! Gobernador Caldera acompa\u00f1a a Rosario de Perij\u00e1 en la festividad de su patrona, la Virgen del Rosario"},"content":{"rendered":"\n<p><strong>ENTRE TORMENTAS. <\/strong>Este 7 de octubre, el municipio Rosario de Perij\u00e1 vivi\u00f3 una jornada de profunda devoci\u00f3n con motivo de las festividades en honor a su patrona, Nuestra Se\u00f1ora del Rosario. El gobernador del estado Zulia, Luis Caldera, se sum\u00f3 a la celebraci\u00f3n religiosa acompa\u00f1ado por la primera dama, Roselyn L\u00f3pez de Caldera, reafirmando su cercan\u00eda con la comunidad rosarense.<\/p>\n\n\n\n<figure class=\"wp-block-image size-large\"><img fetchpriority=\"high\" decoding=\"async\" width=\"683\" height=\"1024\" src=\"https:\/\/entretormentas.com\/wp-content\/uploads\/2025\/10\/rosarense3-683x1024.jpg\" alt=\"\" class=\"wp-image-23041\" srcset=\"https:\/\/entretormentas.com\/wp-content\/uploads\/2025\/10\/rosarense3-683x1024.jpg 683w, https:\/\/entretormentas.com\/wp-content\/uploads\/2025\/10\/rosarense3-200x300.jpg 200w, https:\/\/entretormentas.com\/wp-content\/uploads\/2025\/10\/rosarense3.jpg 720w\" sizes=\"(max-width: 683px) 100vw, 683px\" \/><\/figure>\n\n\n\n<p>La misa solemne fue presidida por monse\u00f1or Nicol\u00e1s Gregorio Nava, obispo de la Di\u00f3cesis de Cabimas, y concelebrada por monse\u00f1or Ramiro D\u00edaz, obispo em\u00e9rito del Vicariato Apost\u00f3lico de Machiques, junto al clero diocesano. Tambi\u00e9n estuvieron presentes el alcalde de Rosario de Perij\u00e1, Ely Ram\u00f3n Atencio, y el alcalde de Machiques, Marco Perrotta, adem\u00e1s de concejales y feligreses que colmaron el templo.<\/p>\n\n\n\n<p>Durante su intervenci\u00f3n, el gobernador expres\u00f3 su gratitud por participar en esta fecha significativa: \u201cEs un honor para nosotros saludar a la feligres\u00eda del municipio Rosario de Perij\u00e1 en el d\u00eda de su patrona, nuestra Se\u00f1ora del Rosario. Enviar nuestro mensaje de paz, de esperanza, de unidad y de mucho trabajo\u201d.<\/p>\n\n\n\n<figure class=\"wp-block-image size-large\"><img decoding=\"async\" width=\"1024\" height=\"576\" src=\"https:\/\/entretormentas.com\/wp-content\/uploads\/2025\/10\/rosarense2-1024x576.jpg\" alt=\"\" class=\"wp-image-23042\" srcset=\"https:\/\/entretormentas.com\/wp-content\/uploads\/2025\/10\/rosarense2-1024x576.jpg 1024w, https:\/\/entretormentas.com\/wp-content\/uploads\/2025\/10\/rosarense2-300x169.jpg 300w, https:\/\/entretormentas.com\/wp-content\/uploads\/2025\/10\/rosarense2-768x432.jpg 768w, https:\/\/entretormentas.com\/wp-content\/uploads\/2025\/10\/rosarense2.jpg 1080w\" sizes=\"(max-width: 1024px) 100vw, 1024px\" \/><\/figure>\n\n\n\n<p>Asimismo, el l\u00edder regional manifest\u00f3 su intenci\u00f3n de convertir esta visita en una tradici\u00f3n institucional: \u201cQueremos enviarle a todo el municipio Rosario de Perij\u00e1 un abrazo de fraternidad y, por supuesto, ir instituyendo como tradici\u00f3n que, mientras estemos al frente del Zulia, podamos venir todos los 7 de octubre a acompa\u00f1ar a la feligres\u00eda en el d\u00eda de su patrona\u201d.<\/p>\n\n\n\n<p>Durante la jornada, las autoridades anunciaron importantes proyectos para el municipio, incluyendo el inicio de trabajos de asfaltado en Rosario de Perij\u00e1, as\u00ed como mejoras en los servicios p\u00fablicos.<\/p>\n\n\n\n<p>La celebraci\u00f3n del D\u00eda de la Virgen del Rosario culmin\u00f3 con una invitaci\u00f3n a participar en la 48\u00aa Feria Agropecuaria de Exposici\u00f3n, que promete romper r\u00e9cords con la inscripci\u00f3n de m\u00e1s de 500 animales.<br><strong><em>ET \/ Nota de Prensa<\/em><\/strong><\/p>\n","protected":false},"excerpt":{"rendered":"<p>ENTRE TORMENTAS. Este 7 de octubre, el municipio Rosario de Perij\u00e1 vivi\u00f3 una jornada de&#8230;<\/p>\n","protected":false},"author":2,"featured_media":23043,"comment_status":"closed","ping_status":"open","sticky":false,"template":"","format":"standard","meta":{"footnotes":""},"categories":[57,1],"tags":[],"class_list":["post-23040","post","type-post","status-publish","format-standard","has-post-thumbnail","hentry","category-actualidad","category-regionales"],"_links":{"self":[{"href":"https:\/\/entretormentas.com\/index.php?rest_route=\/wp\/v2\/posts\/23040","targetHints":{"allow":["GET"]}}],"collection":[{"href":"https:\/\/entretormentas.com\/index.php?rest_route=\/wp\/v2\/posts"}],"about":[{"href":"https:\/\/entretormentas.com\/index.php?rest_route=\/wp\/v2\/types\/post"}],"author":[{"embeddable":true,"href":"https:\/\/entretormentas.com\/index.php?rest_route=\/wp\/v2\/users\/2"}],"replies":[{"embeddable":true,"href":"https:\/\/entretormentas.com\/index.php?rest_route=%2Fwp%2Fv2%2Fcomments&post=23040"}],"version-history":[{"count":1,"href":"https:\/\/entretormentas.com\/index.php?rest_route=\/wp\/v2\/posts\/23040\/revisions"}],"predecessor-version":[{"id":23044,"href":"https:\/\/entretormentas.com\/index.php?rest_route=\/wp\/v2\/posts\/23040\/revisions\/23044"}],"wp:featuredmedia":[{"embeddable":true,"href":"https:\/\/entretormentas.com\/index.php?rest_route=\/wp\/v2\/media\/23043"}],"wp:attachment":[{"href":"https:\/\/entretormentas.com\/index.php?rest_route=%2Fwp%2Fv2%2Fmedia&parent=23040"}],"wp:term":[{"taxonomy":"category","embeddable":true,"href":"https:\/\/entretormentas.com\/index.php?rest_route=%2Fwp%2Fv2%2Fcategories&post=23040"},{"taxonomy":"post_tag","embeddable":true,"href":"https:\/\/entretormentas.com\/index.php?rest_route=%2Fwp%2Fv2%2Ftags&post=23040"}],"curies":[{"name":"wp","href":"https:\/\/api.w.org\/{rel}","templated":true}]}}