{"id":23049,"date":"2025-10-08T04:41:48","date_gmt":"2025-10-08T08:41:48","guid":{"rendered":"https:\/\/entretormentas.com\/?p=23049"},"modified":"2025-10-08T04:41:49","modified_gmt":"2025-10-08T08:41:49","slug":"mediacion-maduro-espera-que-la-diplomacia-del-vaticano-ayude-a-venezuela-a-preservar-la-paz","status":"publish","type":"post","link":"https:\/\/entretormentas.com\/mediacion-maduro-espera-que-la-diplomacia-del-vaticano-ayude-a-venezuela-a-preservar-la-paz\/","title":{"rendered":"\u00a1MEDIACI\u00d3N! Maduro espera que la diplomacia del Vaticano ayude a Venezuela a \u00abpreservar la paz\u00bb"},"content":{"rendered":"\n<p><strong>ENTRE TORMENTAS. <\/strong>El presidente, Nicol\u00e1s Maduro, manifest\u00f3 que espera que la \u00abdiplomacia del Vaticano\u00bb ayude a su pa\u00eds a \u00abpreservar la paz\u00bb, en un contexto del despliegue naval de Estados Unidos en el mar Caribe, que el mandatario estadounidense, Donald Trump, asegura es para combatir el narcotr\u00e1fico.<\/p>\n\n\n\n<p>Maduro indic\u00f3 que envi\u00f3 una carta a Le\u00f3n XIV, como se inform\u00f3 el pasado s\u00e1bado, en la que pidi\u00f3 al papa que \u00abayude a Venezuela a preservar la paz, la estabilidad\u00bb y que \u00ababrace\u00bb al pa\u00eds \u00abcon la diplomacia del Vaticano\u00bb.<\/p>\n\n\n\n<p>\u00abEl papa Le\u00f3n se ha posicionado como un papa equilibrado, de paz, continuador del legado de Francisco. No es usual en la historia del papado ver a un papa que llega y reivindica al papa anterior\u00bb, consider\u00f3 Maduro.<\/p>\n\n\n\n<p>Maduro mencion\u00f3 la canonizaci\u00f3n, el pr\u00f3ximo 19 de octubre, del m\u00e9dico Jos\u00e9 Gregorio Hern\u00e1ndez y de la madre Carmen Rendile, lo que, a su juicio, \u00abtiene una gran significaci\u00f3n\u00bb en este momento.<br><strong><em>ET \/ EFE<\/em><\/strong><\/p>\n","protected":false},"excerpt":{"rendered":"<p>ENTRE TORMENTAS. El presidente, Nicol\u00e1s Maduro, manifest\u00f3 que espera que la \u00abdiplomacia del Vaticano\u00bb ayude&#8230;<\/p>\n","protected":false},"author":2,"featured_media":23051,"comment_status":"closed","ping_status":"open","sticky":false,"template":"","format":"standard","meta":{"footnotes":""},"categories":[56,49],"tags":[],"class_list":["post-23049","post","type-post","status-publish","format-standard","has-post-thumbnail","hentry","category-destacadas","category-nacionales"],"_links":{"self":[{"href":"https:\/\/entretormentas.com\/index.php?rest_route=\/wp\/v2\/posts\/23049","targetHints":{"allow":["GET"]}}],"collection":[{"href":"https:\/\/entretormentas.com\/index.php?rest_route=\/wp\/v2\/posts"}],"about":[{"href":"https:\/\/entretormentas.com\/index.php?rest_route=\/wp\/v2\/types\/post"}],"author":[{"embeddable":true,"href":"https:\/\/entretormentas.com\/index.php?rest_route=\/wp\/v2\/users\/2"}],"replies":[{"embeddable":true,"href":"https:\/\/entretormentas.com\/index.php?rest_route=%2Fwp%2Fv2%2Fcomments&post=23049"}],"version-history":[{"count":1,"href":"https:\/\/entretormentas.com\/index.php?rest_route=\/wp\/v2\/posts\/23049\/revisions"}],"predecessor-version":[{"id":23052,"href":"https:\/\/entretormentas.com\/index.php?rest_route=\/wp\/v2\/posts\/23049\/revisions\/23052"}],"wp:featuredmedia":[{"embeddable":true,"href":"https:\/\/entretormentas.com\/index.php?rest_route=\/wp\/v2\/media\/23051"}],"wp:attachment":[{"href":"https:\/\/entretormentas.com\/index.php?rest_route=%2Fwp%2Fv2%2Fmedia&parent=23049"}],"wp:term":[{"taxonomy":"category","embeddable":true,"href":"https:\/\/entretormentas.com\/index.php?rest_route=%2Fwp%2Fv2%2Fcategories&post=23049"},{"taxonomy":"post_tag","embeddable":true,"href":"https:\/\/entretormentas.com\/index.php?rest_route=%2Fwp%2Fv2%2Ftags&post=23049"}],"curies":[{"name":"wp","href":"https:\/\/api.w.org\/{rel}","templated":true}]}}