{"id":23072,"date":"2025-10-08T20:49:36","date_gmt":"2025-10-09T00:49:36","guid":{"rendered":"https:\/\/entretormentas.com\/?p=23072"},"modified":"2025-10-08T20:49:37","modified_gmt":"2025-10-09T00:49:37","slug":"jornada-nacional-de-reforestacion-gobernador-luis-caldera-lidera-siembra-de-mas-de-siete-mil-arboles-en-el-zulia","status":"publish","type":"post","link":"https:\/\/entretormentas.com\/jornada-nacional-de-reforestacion-gobernador-luis-caldera-lidera-siembra-de-mas-de-siete-mil-arboles-en-el-zulia\/","title":{"rendered":"\u00a1JORNADA NACIONAL DE REFORESTACI\u00d3N! Gobernador Luis Caldera lidera siembra de m\u00e1s de siete mil \u00e1rboles en el Zulia"},"content":{"rendered":"\n<p><strong>ENTRE TORMENTAS. <\/strong>La siembra de m\u00e1s de siete mil \u00e1rboles marca la participaci\u00f3n del Zulia en la Jornada Nacional de Reforestaci\u00f3n a prop\u00f3sito de la celebraci\u00f3n del Congreso Mundial en Defensa de la Madre Tierra, que se realiza desde este mi\u00e9rcoles 8 hasta el viernes 10 de octubre en Caracas, enmarcado en el Bicentenario del Decreto de Chuquisaca de Sim\u00f3n Bol\u00edvar con el objetivo de promover un cambio de paradigma global en la relaci\u00f3n con el ambiente.<\/p>\n\n\n\n<p>Los espacios para la plantaci\u00f3n en el Zulia son las cuencas hidrogr\u00e1ficas en Burro Negro, municipio Valmore Rodr\u00edguez, la Sierra de Perij\u00e1 y, en Maracaibo, el Parque Monumental Ana Mar\u00eda Campos, desde donde el gobernador Luis Caldera, junto a comit\u00e9s de reforestaci\u00f3n, comunas, organizaciones pol\u00edticas, como el Partido Verde, estudiantes, ambientalistas y la Fuerza Armada Nacional Bolivariana, particip\u00f3 en esta jornada en defensa de la Madre Tierra.<\/p>\n\n\n\n<p>El gobernador Caldera destac\u00f3 esta experiencia en la plantaci\u00f3n de especies como el apamate y el cedro, con quienes luchan todos los d\u00edas por la vida. \u201cLuchar por la vida es defender a la Madre Tierra y desde el Zulia estamos consolidando esa defensa que est\u00e1 planteada en nuestra Constituci\u00f3n Bolivariana que nos leg\u00f3 el comandante Hugo Ch\u00e1vez Fr\u00edas y que propuso el presidente Nicolas Maduro en el Plan de la Patria y en la sexta de la 7 Transformaciones\u201d, expres\u00f3.<\/p>\n\n\n\n<figure class=\"wp-block-image size-full\"><img fetchpriority=\"high\" decoding=\"async\" width=\"540\" height=\"960\" src=\"https:\/\/entretormentas.com\/wp-content\/uploads\/2025\/10\/siembraaa1.jpg\" alt=\"\" class=\"wp-image-23073\" srcset=\"https:\/\/entretormentas.com\/wp-content\/uploads\/2025\/10\/siembraaa1.jpg 540w, https:\/\/entretormentas.com\/wp-content\/uploads\/2025\/10\/siembraaa1-169x300.jpg 169w\" sizes=\"(max-width: 540px) 100vw, 540px\" \/><\/figure>\n\n\n\n<p>En el Zulia esta acci\u00f3n continuar\u00e1, manifest\u00f3 el mandatario regional al recordar que en la regi\u00f3n est\u00e1 instalada la Comisi\u00f3n Regional de Reforestaci\u00f3n, que adem\u00e1s busca recuperar los \u00e1rboles en plazas de Maracaibo y San Francisco; as\u00ed como en las principales ciudades del estado.<\/p>\n\n\n\n<p>\u201cNos sentimos contentos, orgullosos de que estamos contribuyendo a la salvaci\u00f3n del planeta. Plantar \u00e1rboles es cuidar lo que ya existe y hay una decisi\u00f3n del Gobierno Bolivariano de cuidar cada uno de nuestros espacios\u201d, expuso al tiempo de puntualizar que en esa labor, en el estado se cumplieron dos a\u00f1os de la Comisi\u00f3n para el Recate, Conservaci\u00f3n y Desarrollo Sostenible del Lago de Maracaibo, que muestra resultados concretos y que contin\u00faa en su prop\u00f3sito de salvar el ecosistema lacustre.<\/p>\n\n\n\n<p><strong>SOLICITUD DE EXENCI\u00d3N DE PARQUES NACIONALES<\/strong><br>Dio a conocer que, acompa\u00f1ado del secretario de Ambiente de la Gobernaci\u00f3n, Freddy Rodr\u00edguez, le hizo la solicitud al jefe de estado la revisi\u00f3n de algunas extensiones de tierra que en otrora iban a ser destinadas para la explotaci\u00f3n minera y que pueden pasar a la Comisi\u00f3n Regional de Reforestaci\u00f3n para la siembra y el cuidado en los r\u00edos Socuy y Cachir\u00ed y Sierra de Perij\u00e1.<\/p>\n\n\n\n<p>\u201cA pocos d\u00edas de conmemorar la Resistencia Ind\u00edgena, Venezuela tambi\u00e9n se planta en Am\u00e9rica Latina y en el mundo, en la resistencia contra el neoliberalismo, que quiere acabar, en un proceso depredador, con los bosques, con el aire\u201d, apostill\u00f3 el gobernador Caldera.<br><strong><em>ET \/ Nota de Prensa<\/em><\/strong><\/p>\n\n\n\n<p><\/p>\n","protected":false},"excerpt":{"rendered":"<p>ENTRE TORMENTAS. La siembra de m\u00e1s de siete mil \u00e1rboles marca la participaci\u00f3n del Zulia&#8230;<\/p>\n","protected":false},"author":2,"featured_media":23074,"comment_status":"closed","ping_status":"open","sticky":false,"template":"","format":"standard","meta":{"footnotes":""},"categories":[57,1],"tags":[],"class_list":["post-23072","post","type-post","status-publish","format-standard","has-post-thumbnail","hentry","category-actualidad","category-regionales"],"_links":{"self":[{"href":"https:\/\/entretormentas.com\/index.php?rest_route=\/wp\/v2\/posts\/23072","targetHints":{"allow":["GET"]}}],"collection":[{"href":"https:\/\/entretormentas.com\/index.php?rest_route=\/wp\/v2\/posts"}],"about":[{"href":"https:\/\/entretormentas.com\/index.php?rest_route=\/wp\/v2\/types\/post"}],"author":[{"embeddable":true,"href":"https:\/\/entretormentas.com\/index.php?rest_route=\/wp\/v2\/users\/2"}],"replies":[{"embeddable":true,"href":"https:\/\/entretormentas.com\/index.php?rest_route=%2Fwp%2Fv2%2Fcomments&post=23072"}],"version-history":[{"count":1,"href":"https:\/\/entretormentas.com\/index.php?rest_route=\/wp\/v2\/posts\/23072\/revisions"}],"predecessor-version":[{"id":23075,"href":"https:\/\/entretormentas.com\/index.php?rest_route=\/wp\/v2\/posts\/23072\/revisions\/23075"}],"wp:featuredmedia":[{"embeddable":true,"href":"https:\/\/entretormentas.com\/index.php?rest_route=\/wp\/v2\/media\/23074"}],"wp:attachment":[{"href":"https:\/\/entretormentas.com\/index.php?rest_route=%2Fwp%2Fv2%2Fmedia&parent=23072"}],"wp:term":[{"taxonomy":"category","embeddable":true,"href":"https:\/\/entretormentas.com\/index.php?rest_route=%2Fwp%2Fv2%2Fcategories&post=23072"},{"taxonomy":"post_tag","embeddable":true,"href":"https:\/\/entretormentas.com\/index.php?rest_route=%2Fwp%2Fv2%2Ftags&post=23072"}],"curies":[{"name":"wp","href":"https:\/\/api.w.org\/{rel}","templated":true}]}}