{"id":23076,"date":"2025-10-08T20:54:22","date_gmt":"2025-10-09T00:54:22","guid":{"rendered":"https:\/\/entretormentas.com\/?p=23076"},"modified":"2025-10-08T20:54:23","modified_gmt":"2025-10-09T00:54:23","slug":"desde-el-oeste-alcaldia-de-maracaibo-juramenta-primeras-brigadas-de-prevencion-de-riesgos","status":"publish","type":"post","link":"https:\/\/entretormentas.com\/desde-el-oeste-alcaldia-de-maracaibo-juramenta-primeras-brigadas-de-prevencion-de-riesgos\/","title":{"rendered":"\u00a1DESDE EL OESTE! Alcald\u00eda de Maracaibo juramenta primeras brigadas de prevenci\u00f3n de riesgos"},"content":{"rendered":"\n<p><strong>ENTRE TORMENTAS. <\/strong>Con el fin de promover una cultura preventiva y de respuesta frente a eventos s\u00edsmicos o de peligro para la poblaci\u00f3n, la Alcald\u00eda de Maracaibo, en forma conjunta con la Universidad Polit\u00e9cnica Territorial de Maracaibo, jurament\u00f3 las primeras brigadas de prevenci\u00f3n y mitigaci\u00f3n de riesgos de la ciudad.<\/p>\n\n\n\n<p>En el acto, efectuado en la sede la instituci\u00f3n universitaria, conocida antes como Iutm, prest\u00f3 juramento un grupo de brigadistas de la parroquia Ra\u00fal Leoni. Ellos recibir\u00e1n capacitaci\u00f3n en \u00e1reas como primeros auxilios, gesti\u00f3n de riesgos y t\u00e9cnicas de desalojo, entre otras relacionadas con situaciones de peligro para las comunidades y c\u00f3mo reaccionar oportunamente ante ellas.<\/p>\n\n\n\n<figure class=\"wp-block-image size-large\"><img fetchpriority=\"high\" decoding=\"async\" width=\"1024\" height=\"683\" src=\"https:\/\/entretormentas.com\/wp-content\/uploads\/2025\/10\/brigada2-1024x683.jpg\" alt=\"\" class=\"wp-image-23077\" srcset=\"https:\/\/entretormentas.com\/wp-content\/uploads\/2025\/10\/brigada2-1024x683.jpg 1024w, https:\/\/entretormentas.com\/wp-content\/uploads\/2025\/10\/brigada2-300x200.jpg 300w, https:\/\/entretormentas.com\/wp-content\/uploads\/2025\/10\/brigada2-768x512.jpg 768w, https:\/\/entretormentas.com\/wp-content\/uploads\/2025\/10\/brigada2.jpg 1280w\" sizes=\"(max-width: 1024px) 100vw, 1024px\" \/><\/figure>\n\n\n\n<p><strong>ORDEN PRESIDENCIAL<\/strong><br>Esta capacitaci\u00f3n de los brigadistas comunitarios estar\u00e1 a cargo de personal especializado de Protecci\u00f3n Civil (PC) y de otros organismos vinculados a la seguridad, como polic\u00eda del estado y bomberos; todos en forma coordinada y con el respaldo de la Alcald\u00eda Bolivariana de Maracaibo.<\/p>\n\n\n\n<p>\u201cLa formaci\u00f3n de los comit\u00e9s de riesgos es una orden emanada de nuestro presidente y comandante en jefe, Nicol\u00e1s Maduro, y la llevamos adelante cumpliendo instrucciones de nuestro alcalde Giancarlo Di Martino\u201d, dijo Eduard Padilla, director municipal de Protecci\u00f3n Civil.<\/p>\n\n\n\n<p>\u201cHoy comenzamos en la parroquia Ra\u00fal Leoni, pero planeamos extender esta iniciativa a otras zonas, formar comit\u00e9s comunales de riesgo y abordar todo el municipio en esa materia\u201d, indic\u00f3 Padilla.<\/p>\n\n\n\n<p><strong>CAPACITACI\u00d3N ABIERTA<\/strong><br>\u201cEsta formaci\u00f3n est\u00e1 abierta al Poder Popular, estudiantes, vecinos y todo el que quiera conformar milicias de prevenci\u00f3n y seguridad\u201d, inform\u00f3, por su parte, Liuba Colmenares, directora de planificaci\u00f3n de la Alcald\u00eda de Maracaibo y enlace parroquial del PSUV en Ra\u00fal Leoni.<\/p>\n\n\n\n<p>\u201cAqu\u00ed estamos, juntos, el poder c\u00edvico militar, para disponer de herramientas que nos permitan saber c\u00f3mo enfrentar cualquier tipo de eventualidad natural, como el sismo que ocurri\u00f3 recientemente, ya que a veces no sabemos c\u00f3mo enfrentar esas situaciones\u201d, dijo la funcionaria.<\/p>\n\n\n\n<p>\u201cEn este sentido, la Universidad Polit\u00e9cnica Territorial de Maracaibo (UPTMA) est\u00e1 formando estos primeros brigadistas con t\u00e9cnicas para manejar esas situaciones de riesgo, desde el punto de vista incluso emocional\u201d, indic\u00f3 la directora municipal de planificaci\u00f3n.<\/p>\n\n\n\n<figure class=\"wp-block-image size-large\"><img decoding=\"async\" width=\"1024\" height=\"683\" src=\"https:\/\/entretormentas.com\/wp-content\/uploads\/2025\/10\/brigada3-1024x683.jpg\" alt=\"\" class=\"wp-image-23078\" srcset=\"https:\/\/entretormentas.com\/wp-content\/uploads\/2025\/10\/brigada3-1024x683.jpg 1024w, https:\/\/entretormentas.com\/wp-content\/uploads\/2025\/10\/brigada3-300x200.jpg 300w, https:\/\/entretormentas.com\/wp-content\/uploads\/2025\/10\/brigada3-768x512.jpg 768w, https:\/\/entretormentas.com\/wp-content\/uploads\/2025\/10\/brigada3.jpg 1280w\" sizes=\"(max-width: 1024px) 100vw, 1024px\" \/><\/figure>\n\n\n\n<p><strong>FORMACI\u00d3N EN PREVENCI\u00d3N<\/strong><br>El vicerrector de la UPTMA, Donaldo Mej\u00edas, destac\u00f3 el hecho de que la instituci\u00f3n es la primera en Maracaibo en proponer, organizar y llevar adelante la tarea de capacitar a los brigadistas y a sus estudiantes en materia de prevenci\u00f3n de riesgos, \u201ctal como lo ha indicado nuestro presidente Nicol\u00e1s Maduro, porque esta es una pol\u00edtica de Estado\u201d.<\/p>\n\n\n\n<p>Enfatiz\u00f3 la necesidad de formaci\u00f3n en esta \u00e1rea. \u201cDebemos ser cr\u00edticos y reflexivos. Necesitamos preparaci\u00f3n y conocimientos en materia de riesgos. Porque ac\u00e1, lament\u00e1ndolo mucho, ten\u00eda que ocurrir el evento s\u00edsmico para que este tema adquiriera relevancia. Y bueno, yo s\u00e9 que nuestra universidad, con el apoyo de los consejos comunales que conforman los circuitos I y II de la parroquia Ra\u00fal Leoni, lo vamos a concretar\u201d.<\/p>\n\n\n\n<p>Agreg\u00f3 el vicerrector de la UPTMA: \u201cComo instituci\u00f3n universitaria, nos vamos a comprometer a estudiar, a aplicar lo estudios nacionales de formaci\u00f3n avanzada en el \u00e1rea de seguridad y mitigaci\u00f3n de riesgos. Ese es el compromiso que nosotros asumimos hoy en para esta valiosa actividad\u201d.<br><strong><em>ET \/ Prensa Alcald\u00eda de Maracaibo<\/em><\/strong><\/p>\n\n\n\n<p><\/p>\n","protected":false},"excerpt":{"rendered":"<p>ENTRE TORMENTAS. Con el fin de promover una cultura preventiva y de respuesta frente a&#8230;<\/p>\n","protected":false},"author":2,"featured_media":23079,"comment_status":"closed","ping_status":"open","sticky":false,"template":"","format":"standard","meta":{"footnotes":""},"categories":[57,1],"tags":[],"class_list":["post-23076","post","type-post","status-publish","format-standard","has-post-thumbnail","hentry","category-actualidad","category-regionales"],"_links":{"self":[{"href":"https:\/\/entretormentas.com\/index.php?rest_route=\/wp\/v2\/posts\/23076","targetHints":{"allow":["GET"]}}],"collection":[{"href":"https:\/\/entretormentas.com\/index.php?rest_route=\/wp\/v2\/posts"}],"about":[{"href":"https:\/\/entretormentas.com\/index.php?rest_route=\/wp\/v2\/types\/post"}],"author":[{"embeddable":true,"href":"https:\/\/entretormentas.com\/index.php?rest_route=\/wp\/v2\/users\/2"}],"replies":[{"embeddable":true,"href":"https:\/\/entretormentas.com\/index.php?rest_route=%2Fwp%2Fv2%2Fcomments&post=23076"}],"version-history":[{"count":1,"href":"https:\/\/entretormentas.com\/index.php?rest_route=\/wp\/v2\/posts\/23076\/revisions"}],"predecessor-version":[{"id":23080,"href":"https:\/\/entretormentas.com\/index.php?rest_route=\/wp\/v2\/posts\/23076\/revisions\/23080"}],"wp:featuredmedia":[{"embeddable":true,"href":"https:\/\/entretormentas.com\/index.php?rest_route=\/wp\/v2\/media\/23079"}],"wp:attachment":[{"href":"https:\/\/entretormentas.com\/index.php?rest_route=%2Fwp%2Fv2%2Fmedia&parent=23076"}],"wp:term":[{"taxonomy":"category","embeddable":true,"href":"https:\/\/entretormentas.com\/index.php?rest_route=%2Fwp%2Fv2%2Fcategories&post=23076"},{"taxonomy":"post_tag","embeddable":true,"href":"https:\/\/entretormentas.com\/index.php?rest_route=%2Fwp%2Fv2%2Ftags&post=23076"}],"curies":[{"name":"wp","href":"https:\/\/api.w.org\/{rel}","templated":true}]}}