{"id":23081,"date":"2025-10-08T20:58:43","date_gmt":"2025-10-09T00:58:43","guid":{"rendered":"https:\/\/entretormentas.com\/?p=23081"},"modified":"2025-10-08T20:58:44","modified_gmt":"2025-10-09T00:58:44","slug":"contra-el-cancer-de-mama-mercados-populares-de-la-alcaldia-de-maracaibo-conmemoran-el-mes-rosa","status":"publish","type":"post","link":"https:\/\/entretormentas.com\/contra-el-cancer-de-mama-mercados-populares-de-la-alcaldia-de-maracaibo-conmemoran-el-mes-rosa\/","title":{"rendered":"\u00a1CONTRA EL C\u00c1NCER DE MAMA! Mercados Populares de la Alcald\u00eda de Maracaibo conmemoran el \u00abMes Rosa\u00bb"},"content":{"rendered":"\n<p><strong>ENTRE TORMENTAS. <\/strong>En el marco del \u201cMes Rosa\u201d, el Instituto Municipal de la Mujer e Igualdad de G\u00e9nero y el Servicio Aut\u00f3nomo del Sistema Municipal de Salud Maracaibo (SAMAS) participaron activamente en la jornada de Mercados Populares organizada por la Alcald\u00eda de Maracaibo, este mi\u00e9rcoles 8 de octubre, frente al Palacio Municipal.<\/p>\n\n\n\n<p>Ambas instituciones enfocaron sus esfuerzos en la prevenci\u00f3n del c\u00e1ncer de mama y otras enfermedades ginecol\u00f3gicas, ofreciendo atenci\u00f3n m\u00e9dica y orientaci\u00f3n preventiva a las mujeres marabinas.<\/p>\n\n\n\n<figure class=\"wp-block-image size-large\"><img fetchpriority=\"high\" decoding=\"async\" width=\"1024\" height=\"683\" src=\"https:\/\/entretormentas.com\/wp-content\/uploads\/2025\/10\/mercarosa2-1024x683.jpg\" alt=\"\" class=\"wp-image-23082\" srcset=\"https:\/\/entretormentas.com\/wp-content\/uploads\/2025\/10\/mercarosa2-1024x683.jpg 1024w, https:\/\/entretormentas.com\/wp-content\/uploads\/2025\/10\/mercarosa2-300x200.jpg 300w, https:\/\/entretormentas.com\/wp-content\/uploads\/2025\/10\/mercarosa2-768x512.jpg 768w, https:\/\/entretormentas.com\/wp-content\/uploads\/2025\/10\/mercarosa2.jpg 1080w\" sizes=\"(max-width: 1024px) 100vw, 1024px\" \/><\/figure>\n\n\n\n<p>Gaudi Colina, presidenta de SAMAS, explic\u00f3 que durante estas jornadas integrales -que adem\u00e1s de ofrecer atenci\u00f3n m\u00e9dica general y pedi\u00e1trica incluyen servicios especializados dirigidos a la mujer- se atendieron m\u00e1s de 350 pacientes, de los cuales 193 fueron mujeres.<\/p>\n\n\n\n<p>En los mercados donde se desarrollan estas actividades se dispone de una cl\u00ednica m\u00f3vil equipada con ec\u00f3grafo, destinada a realizar despistajes y pesquisas de patolog\u00edas mamarias y uterinas, fortaleciendo as\u00ed la atenci\u00f3n preventiva en salud femenina.<\/p>\n\n\n\n<p><strong>DESPISTAJE DE C\u00c1NCER DE MAMA<\/strong><br>Por su parte, Karina Zambrano, presidenta del Instituto Municipal de la Mujer e Igualdad de G\u00e9nero, destac\u00f3 que la instituci\u00f3n se suma a estas jornadas con charlas educativas sobre la prevenci\u00f3n del c\u00e1ncer de mama, la importancia del autoexamen regular y la lucha contra la violencia de g\u00e9nero.<\/p>\n\n\n\n<p>Zambrano anunci\u00f3 adem\u00e1s que para este jueves 9 de octubre se tiene programada una jornada especial de salud en el Ambulatorio Maracaibo Oeste, ubicado en el sector La Rotaria (antigua sede de Polimaracaibo), donde se realizar\u00e1n despistajes de mamograf\u00eda y citolog\u00eda gratuitos.<\/p>\n\n\n\n<p><strong>ATENCI\u00d3N INTEGRAL<\/strong><br>Durante la jornada, Gelson Carrillo, presidente de Fundepo, inform\u00f3 que esta fue la und\u00e9cima edici\u00f3n de los Mercados Populares impulsados por la Alcald\u00eda de Maracaibo bajo la gesti\u00f3n del alcalde Giancarlos Di Martino.<\/p>\n\n\n\n<p>La actividad benefici\u00f3 a trabajadores de la Alcald\u00eda, de la Gobernaci\u00f3n del Zulia y a habitantes de la parroquia Bol\u00edvar y zonas cercanas como Chiquinquir\u00e1, ofreciendo productos de primera necesidad a precios solidarios.<\/p>\n\n\n\n<figure class=\"wp-block-image size-large\"><img decoding=\"async\" width=\"1024\" height=\"683\" src=\"https:\/\/entretormentas.com\/wp-content\/uploads\/2025\/10\/mercarosa3-1024x683.jpg\" alt=\"\" class=\"wp-image-23083\" srcset=\"https:\/\/entretormentas.com\/wp-content\/uploads\/2025\/10\/mercarosa3-1024x683.jpg 1024w, https:\/\/entretormentas.com\/wp-content\/uploads\/2025\/10\/mercarosa3-300x200.jpg 300w, https:\/\/entretormentas.com\/wp-content\/uploads\/2025\/10\/mercarosa3-768x512.jpg 768w, https:\/\/entretormentas.com\/wp-content\/uploads\/2025\/10\/mercarosa3.jpg 1080w\" sizes=\"(max-width: 1024px) 100vw, 1024px\" \/><\/figure>\n\n\n\n<p>Carrillo destac\u00f3 que semanalmente se incorporan empresas privadas y emprendedores locales, como Farmacia SAAS y Caf\u00e9 Imperial, que ofrecen medicamentos, alimentos y productos a bajo costo, promoviendo el ahorro familiar y el fortalecimiento econ\u00f3mico de la regi\u00f3n. En esta edici\u00f3n se distribuyeron aproximadamente nueve toneladas de alimentos de excelente calidad.<\/p>\n\n\n\n<p>Adem\u00e1s de la venta de productos, la jornada incluy\u00f3 servicios veterinarios, peluquer\u00eda gratuita con la Misi\u00f3n Robert Serra, asesor\u00eda jur\u00eddica de la Sindicatura Municipal para la regularizaci\u00f3n de terrenos ejidos y la presencia del Registro Civil.<\/p>\n\n\n\n<p>Carrillo se\u00f1al\u00f3 que, gracias a la diversidad de servicios ofrecidos, unas mil personas resultaron beneficiadas directamente por esta iniciativa integral.<br><strong><em>ET \/ Prensa Alcald\u00eda de Maracaibo<\/em><\/strong><\/p>\n\n\n\n<p><\/p>\n","protected":false},"excerpt":{"rendered":"<p>ENTRE TORMENTAS. En el marco del \u201cMes Rosa\u201d, el Instituto Municipal de la Mujer e&#8230;<\/p>\n","protected":false},"author":2,"featured_media":23084,"comment_status":"closed","ping_status":"open","sticky":false,"template":"","format":"standard","meta":{"footnotes":""},"categories":[57,1],"tags":[],"class_list":["post-23081","post","type-post","status-publish","format-standard","has-post-thumbnail","hentry","category-actualidad","category-regionales"],"_links":{"self":[{"href":"https:\/\/entretormentas.com\/index.php?rest_route=\/wp\/v2\/posts\/23081","targetHints":{"allow":["GET"]}}],"collection":[{"href":"https:\/\/entretormentas.com\/index.php?rest_route=\/wp\/v2\/posts"}],"about":[{"href":"https:\/\/entretormentas.com\/index.php?rest_route=\/wp\/v2\/types\/post"}],"author":[{"embeddable":true,"href":"https:\/\/entretormentas.com\/index.php?rest_route=\/wp\/v2\/users\/2"}],"replies":[{"embeddable":true,"href":"https:\/\/entretormentas.com\/index.php?rest_route=%2Fwp%2Fv2%2Fcomments&post=23081"}],"version-history":[{"count":1,"href":"https:\/\/entretormentas.com\/index.php?rest_route=\/wp\/v2\/posts\/23081\/revisions"}],"predecessor-version":[{"id":23085,"href":"https:\/\/entretormentas.com\/index.php?rest_route=\/wp\/v2\/posts\/23081\/revisions\/23085"}],"wp:featuredmedia":[{"embeddable":true,"href":"https:\/\/entretormentas.com\/index.php?rest_route=\/wp\/v2\/media\/23084"}],"wp:attachment":[{"href":"https:\/\/entretormentas.com\/index.php?rest_route=%2Fwp%2Fv2%2Fmedia&parent=23081"}],"wp:term":[{"taxonomy":"category","embeddable":true,"href":"https:\/\/entretormentas.com\/index.php?rest_route=%2Fwp%2Fv2%2Fcategories&post=23081"},{"taxonomy":"post_tag","embeddable":true,"href":"https:\/\/entretormentas.com\/index.php?rest_route=%2Fwp%2Fv2%2Ftags&post=23081"}],"curies":[{"name":"wp","href":"https:\/\/api.w.org\/{rel}","templated":true}]}}