{"id":23086,"date":"2025-10-08T21:02:21","date_gmt":"2025-10-09T01:02:21","guid":{"rendered":"https:\/\/entretormentas.com\/?p=23086"},"modified":"2025-10-08T21:02:22","modified_gmt":"2025-10-09T01:02:22","slug":"en-domitila-flores-alcaldia-de-san-francisco-realiza-sustitucion-de-colector-de-aguas-servidas","status":"publish","type":"post","link":"https:\/\/entretormentas.com\/en-domitila-flores-alcaldia-de-san-francisco-realiza-sustitucion-de-colector-de-aguas-servidas\/","title":{"rendered":"\u00a1EN DOMITILA FLORES! Alcald\u00eda de San Francisco realiza sustituci\u00f3n de colector de aguas servidas"},"content":{"rendered":"\n<p><strong>ENTRE TORMENTAS. <\/strong>En un esfuerzo conjunto con Hidrolago y el Poder Popular, la Direcci\u00f3n de Aguas de la Alcald\u00eda de San Francisco, bajo los lineamientos del mandatario municipal H\u00e9ctor Soto, ha llevado a cabo la sustituci\u00f3n de un colector de aguas servidas en el barrio El Callao, espec\u00edficamente en la avenida 49H-2, calle 171 de la parroquia Domitila Flores. Esta acci\u00f3n responde al llamado de los vecinos, quienes sufrieron durante meses por el mal estado de las cloacas y el socavamiento en la carretera.<\/p>\n\n\n\n<p>Juan Carlos Torres, director de Agua de la Alcald\u00eda de San Francisco, expres\u00f3: \u201cEstamos realizando una excavaci\u00f3n de 80 metros y utilizando tuber\u00edas de ocho pulgadas para la sustituci\u00f3n de este colector. Estos trabajos son parte del compromiso de nuestro Presidente Nicol\u00e1s Maduro, nuestro gobernador Luis Caldera y el camarada H\u00e9ctor Soto, quienes velan por el bienestar de los ciudadanos\u201d.<\/p>\n\n\n\n<figure class=\"wp-block-image size-large\"><img fetchpriority=\"high\" decoding=\"async\" width=\"1024\" height=\"768\" src=\"https:\/\/entretormentas.com\/wp-content\/uploads\/2025\/10\/sotogas2-1024x768.jpg\" alt=\"\" class=\"wp-image-23087\" srcset=\"https:\/\/entretormentas.com\/wp-content\/uploads\/2025\/10\/sotogas2-1024x768.jpg 1024w, https:\/\/entretormentas.com\/wp-content\/uploads\/2025\/10\/sotogas2-300x225.jpg 300w, https:\/\/entretormentas.com\/wp-content\/uploads\/2025\/10\/sotogas2-768x576.jpg 768w, https:\/\/entretormentas.com\/wp-content\/uploads\/2025\/10\/sotogas2.jpg 1280w\" sizes=\"(max-width: 1024px) 100vw, 1024px\" \/><\/figure>\n\n\n\n<p>Por su parte, Yaxely Ruza, enlace de la Sala de Gobierno de la Comuna General Jefe de Mundial Roja, destac\u00f3 que m\u00e1s de 25 familias se beneficiar\u00e1n con estos trabajos. Tambi\u00e9n mencion\u00f3: \u201cEsto es gracias a la implementaci\u00f3n de la plataforma VenApp. Los vecinos de los sectores 1 y 2 del barrio \u2018El Callao\u2019 se unieron para realizar la solicitud que, a trav\u00e9s de las salas de gobierno, recibimos y gestionamos junto al equipo de promotores para dar respuesta a esta problem\u00e1tica\u201d.<\/p>\n\n\n\n<p>Esta iniciativa forma parte de las medidas para el cumplimiento activo del Plan de las siete Transformaciones de la Patria (7T), impulsadas por la presidencia y que refuerzan la gesti\u00f3n del alcalde H\u00e9ctor Soto. Las herramientas digitales, como VenApp, permiten atender de manera r\u00e1pida y efectiva las necesidades de los ciudadanos, con el respaldo de los circuitos comunales y las comunas.<br><strong><em>ET \/ Prensa Alcald\u00eda de San Francisco<\/em><\/strong><\/p>\n","protected":false},"excerpt":{"rendered":"<p>ENTRE TORMENTAS. En un esfuerzo conjunto con Hidrolago y el Poder Popular, la Direcci\u00f3n de&#8230;<\/p>\n","protected":false},"author":2,"featured_media":23088,"comment_status":"closed","ping_status":"open","sticky":false,"template":"","format":"standard","meta":{"footnotes":""},"categories":[57,1],"tags":[],"class_list":["post-23086","post","type-post","status-publish","format-standard","has-post-thumbnail","hentry","category-actualidad","category-regionales"],"_links":{"self":[{"href":"https:\/\/entretormentas.com\/index.php?rest_route=\/wp\/v2\/posts\/23086","targetHints":{"allow":["GET"]}}],"collection":[{"href":"https:\/\/entretormentas.com\/index.php?rest_route=\/wp\/v2\/posts"}],"about":[{"href":"https:\/\/entretormentas.com\/index.php?rest_route=\/wp\/v2\/types\/post"}],"author":[{"embeddable":true,"href":"https:\/\/entretormentas.com\/index.php?rest_route=\/wp\/v2\/users\/2"}],"replies":[{"embeddable":true,"href":"https:\/\/entretormentas.com\/index.php?rest_route=%2Fwp%2Fv2%2Fcomments&post=23086"}],"version-history":[{"count":1,"href":"https:\/\/entretormentas.com\/index.php?rest_route=\/wp\/v2\/posts\/23086\/revisions"}],"predecessor-version":[{"id":23089,"href":"https:\/\/entretormentas.com\/index.php?rest_route=\/wp\/v2\/posts\/23086\/revisions\/23089"}],"wp:featuredmedia":[{"embeddable":true,"href":"https:\/\/entretormentas.com\/index.php?rest_route=\/wp\/v2\/media\/23088"}],"wp:attachment":[{"href":"https:\/\/entretormentas.com\/index.php?rest_route=%2Fwp%2Fv2%2Fmedia&parent=23086"}],"wp:term":[{"taxonomy":"category","embeddable":true,"href":"https:\/\/entretormentas.com\/index.php?rest_route=%2Fwp%2Fv2%2Fcategories&post=23086"},{"taxonomy":"post_tag","embeddable":true,"href":"https:\/\/entretormentas.com\/index.php?rest_route=%2Fwp%2Fv2%2Ftags&post=23086"}],"curies":[{"name":"wp","href":"https:\/\/api.w.org\/{rel}","templated":true}]}}