{"id":23090,"date":"2025-10-08T21:08:10","date_gmt":"2025-10-09T01:08:10","guid":{"rendered":"https:\/\/entretormentas.com\/?p=23090"},"modified":"2025-10-08T21:08:11","modified_gmt":"2025-10-09T01:08:11","slug":"gobernador-activo-cabimas-celebra-el-dia-de-nuestra-senora-del-rosario-con-reinauguracion-de-la-simbolica-calle-independencia","status":"publish","type":"post","link":"https:\/\/entretormentas.com\/gobernador-activo-cabimas-celebra-el-dia-de-nuestra-senora-del-rosario-con-reinauguracion-de-la-simbolica-calle-independencia\/","title":{"rendered":"\u00a1GOBERNADOR ACTIVO! Cabimas celebra el d\u00eda de Nuestra Se\u00f1ora del Rosario con reinauguraci\u00f3n de la simb\u00f3lica calle Independencia"},"content":{"rendered":"\n<p><strong>ENTRE TORMENTAS.<\/strong> Los habitantes del municipio Cabimas celebraron el d\u00eda de su madre espiritual Nuestra Se\u00f1ora del Rosario, con la reinauguraci\u00f3n de la simb\u00f3lica calle Independencia en el centro de la ciudad petrolera, cuyos trabajos fueron iniciados el pasado 3 agosto por el gobernador del Zulia, Luis Caldera, como parte del Plan Estadal de Asfaltado con el que se vienen recuperando avenidas, calles, corredores viales y grandes v\u00edas de la entidad.<\/p>\n\n\n\n<figure class=\"wp-block-image size-large\"><img fetchpriority=\"high\" decoding=\"async\" width=\"1024\" height=\"768\" src=\"https:\/\/entretormentas.com\/wp-content\/uploads\/2025\/10\/independencia2-1024x768.jpg\" alt=\"\" class=\"wp-image-23091\" srcset=\"https:\/\/entretormentas.com\/wp-content\/uploads\/2025\/10\/independencia2-1024x768.jpg 1024w, https:\/\/entretormentas.com\/wp-content\/uploads\/2025\/10\/independencia2-300x225.jpg 300w, https:\/\/entretormentas.com\/wp-content\/uploads\/2025\/10\/independencia2-768x576.jpg 768w, https:\/\/entretormentas.com\/wp-content\/uploads\/2025\/10\/independencia2.jpg 1280w\" sizes=\"(max-width: 1024px) 100vw, 1024px\" \/><\/figure>\n\n\n\n<p>\u201cLa inauguraci\u00f3n de la calle Independencia de Cabimas es en honor a la Virgen, en honor a este pueblo digno que tanto dio y que tanto est\u00e1 dando a Venezuela\u201d, expres\u00f3 luego de despejar la cinta de reinauguraci\u00f3n de esta v\u00eda, junto a la primera Dama del Zulia, Roselyn L\u00f3pez de Caldera; el alcalde de Cabimas Frank Carrre\u00f1o, la primera Dama del municipio, Yamileth Olivares de Carre\u00f1o, concejales y el pueblo de la localidad cabimense.<\/p>\n\n\n\n<p>El gobernador Caldera expuso que se trabaja con la colocaci\u00f3n de cinco mil toneladas de asfalto en caliente tipo tres en esta localidad costera y anunci\u00f3 que se duplicar\u00e1 el trabajo con cinco mil toneladas m\u00e1s para continuar recuperando las calles del municipio.<\/p>\n\n\n\n<p>Detall\u00f3 que en los 1.4 kil\u00f3metros de vialidad de la calle Independencia fueron colocadas dos mil 586 toneladas de asfalto en caliente tipo tres, adem\u00e1s de realizar trabajos de se\u00f1alizaci\u00f3n, demarcaci\u00f3n e iluminaci\u00f3n.<\/p>\n\n\n\n<figure class=\"wp-block-image size-large\"><img decoding=\"async\" width=\"1024\" height=\"768\" src=\"https:\/\/entretormentas.com\/wp-content\/uploads\/2025\/10\/independencia3-1024x768.jpg\" alt=\"\" class=\"wp-image-23092\" srcset=\"https:\/\/entretormentas.com\/wp-content\/uploads\/2025\/10\/independencia3-1024x768.jpg 1024w, https:\/\/entretormentas.com\/wp-content\/uploads\/2025\/10\/independencia3-300x225.jpg 300w, https:\/\/entretormentas.com\/wp-content\/uploads\/2025\/10\/independencia3-768x576.jpg 768w, https:\/\/entretormentas.com\/wp-content\/uploads\/2025\/10\/independencia3.jpg 1280w\" sizes=\"(max-width: 1024px) 100vw, 1024px\" \/><\/figure>\n\n\n\n<p>Luego de la entrega de esta obra, el mandatario zuliano particip\u00f3 junto al alcalde Carre\u00f1o y las primeras damas, en la Misa Pontifical en honor a la patrona de Cabimas y la Costa Oriental del Lago, presidida por el Obispo de Carora estado Lara, Monse\u00f1or Carlos Curiel y concelebrada por el administrador apost\u00f3lico de Cabimas, presb\u00edtero Alexander Arias.<\/p>\n\n\n\n<p>\u201cEs un honor estar el d\u00eda de la patrona de la Costa Oriental del Lago, Nuestra Se\u00f1ora Virgen del Rosario, pidi\u00e9ndole que nos llene de paz, unidad y esperanza\u201d, manifest\u00f3.<br><strong><em>ET \/ Nota de Prensa<\/em><\/strong><\/p>\n\n\n\n<p><\/p>\n","protected":false},"excerpt":{"rendered":"<p>ENTRE TORMENTAS. Los habitantes del municipio Cabimas celebraron el d\u00eda de su madre espiritual Nuestra&#8230;<\/p>\n","protected":false},"author":2,"featured_media":23093,"comment_status":"closed","ping_status":"open","sticky":false,"template":"","format":"standard","meta":{"footnotes":""},"categories":[57,1],"tags":[],"class_list":["post-23090","post","type-post","status-publish","format-standard","has-post-thumbnail","hentry","category-actualidad","category-regionales"],"_links":{"self":[{"href":"https:\/\/entretormentas.com\/index.php?rest_route=\/wp\/v2\/posts\/23090","targetHints":{"allow":["GET"]}}],"collection":[{"href":"https:\/\/entretormentas.com\/index.php?rest_route=\/wp\/v2\/posts"}],"about":[{"href":"https:\/\/entretormentas.com\/index.php?rest_route=\/wp\/v2\/types\/post"}],"author":[{"embeddable":true,"href":"https:\/\/entretormentas.com\/index.php?rest_route=\/wp\/v2\/users\/2"}],"replies":[{"embeddable":true,"href":"https:\/\/entretormentas.com\/index.php?rest_route=%2Fwp%2Fv2%2Fcomments&post=23090"}],"version-history":[{"count":1,"href":"https:\/\/entretormentas.com\/index.php?rest_route=\/wp\/v2\/posts\/23090\/revisions"}],"predecessor-version":[{"id":23094,"href":"https:\/\/entretormentas.com\/index.php?rest_route=\/wp\/v2\/posts\/23090\/revisions\/23094"}],"wp:featuredmedia":[{"embeddable":true,"href":"https:\/\/entretormentas.com\/index.php?rest_route=\/wp\/v2\/media\/23093"}],"wp:attachment":[{"href":"https:\/\/entretormentas.com\/index.php?rest_route=%2Fwp%2Fv2%2Fmedia&parent=23090"}],"wp:term":[{"taxonomy":"category","embeddable":true,"href":"https:\/\/entretormentas.com\/index.php?rest_route=%2Fwp%2Fv2%2Fcategories&post=23090"},{"taxonomy":"post_tag","embeddable":true,"href":"https:\/\/entretormentas.com\/index.php?rest_route=%2Fwp%2Fv2%2Ftags&post=23090"}],"curies":[{"name":"wp","href":"https:\/\/api.w.org\/{rel}","templated":true}]}}