{"id":23095,"date":"2025-10-08T21:15:37","date_gmt":"2025-10-09T01:15:37","guid":{"rendered":"https:\/\/entretormentas.com\/?p=23095"},"modified":"2025-10-08T21:15:38","modified_gmt":"2025-10-09T01:15:38","slug":"sentido-sur-norte-alcaldia-culmina-con-exito-primera-fase-del-reasfaltado-de-la-av-delicias","status":"publish","type":"post","link":"https:\/\/entretormentas.com\/sentido-sur-norte-alcaldia-culmina-con-exito-primera-fase-del-reasfaltado-de-la-av-delicias\/","title":{"rendered":"\u00a1SENTIDO SUR-NORTE! Alcald\u00eda culmina con \u00e9xito primera fase del reasfaltado de la Av. Delicias"},"content":{"rendered":"\n<p><strong>ENTRE TORMENTAS.<\/strong> La Alcald\u00eda de Maracaibo, a trav\u00e9s de la Direcci\u00f3n de Infraestructura, anunci\u00f3 con \u00e9xito la culminaci\u00f3n de los trabajos de reasfaltado en la Avenida Delicias en sentido sur-norte, proyecto de envergadura en la recuperaci\u00f3n de la vialidad de la ciudad y que se desarroll\u00f3 desde el Distribuidor Delicias hasta la intersecci\u00f3n con la Avenida Fuerzas Armadas.<\/p>\n\n\n\n<p>Las cuadrillas de la Direcci\u00f3n de Infraestructura trabajaron de forma ininterrumpida a lo largo de esta importante arteria vial, logrando verter dos mil 100 toneladas de asfalto y demarcar todo el trayecto. Entre los \u00faltimos tramos optimizados que destacan por su impacto en la fluidez del tr\u00e1nsito se encuentran la intersecci\u00f3n con la Calle 67 Cecilio Acosta, la intersecci\u00f3n con la Avenida Universidad, el sector Ziruma y Delicias Norte.<\/p>\n\n\n\n<figure class=\"wp-block-image size-full\"><img fetchpriority=\"high\" decoding=\"async\" width=\"1008\" height=\"756\" src=\"https:\/\/entretormentas.com\/wp-content\/uploads\/2025\/10\/dideli2.jpg\" alt=\"\" class=\"wp-image-23096\" srcset=\"https:\/\/entretormentas.com\/wp-content\/uploads\/2025\/10\/dideli2.jpg 1008w, https:\/\/entretormentas.com\/wp-content\/uploads\/2025\/10\/dideli2-300x225.jpg 300w, https:\/\/entretormentas.com\/wp-content\/uploads\/2025\/10\/dideli2-768x576.jpg 768w\" sizes=\"(max-width: 1008px) 100vw, 1008px\" \/><\/figure>\n\n\n\n<p>Esta significativa inversi\u00f3n y esfuerzo tienen como objetivo principal optimizar la v\u00eda y garantizar el confort y la seguridad de los miles de conductores y usuarios que transitan diariamente por esta importante ruta marabina.<\/p>\n\n\n\n<p>Tras la finalizaci\u00f3n satisfactoria de esta primera fase, la Direcci\u00f3n de Infraestructura anunci\u00f3 que se tiene previsto iniciar de inmediato los trabajos de reasfaltado en el sentido norte-sur de la Avenida Delicias, con la meta de adecuar por completo esta conexi\u00f3n vial desde el norte hasta el centro de Maracaibo.<\/p>\n\n\n\n<p>Al respecto director (e) de Infraestructura de la alcald\u00eda de Maracaibo, Giovanny Marzocca, dijo que \u00abel alcalde Di Martino est\u00e1 devolvi\u00e9ndole a nuestra gente v\u00edas dignas y seguras. Esto es solo una parte de la transformaci\u00f3n que estamos llevando a Maracaibo\u00bb, afirm\u00f3.<\/p>\n\n\n\n<figure class=\"wp-block-image size-full\"><img decoding=\"async\" width=\"1008\" height=\"756\" src=\"https:\/\/entretormentas.com\/wp-content\/uploads\/2025\/10\/dideli3.jpg\" alt=\"\" class=\"wp-image-23097\" srcset=\"https:\/\/entretormentas.com\/wp-content\/uploads\/2025\/10\/dideli3.jpg 1008w, https:\/\/entretormentas.com\/wp-content\/uploads\/2025\/10\/dideli3-300x225.jpg 300w, https:\/\/entretormentas.com\/wp-content\/uploads\/2025\/10\/dideli3-768x576.jpg 768w\" sizes=\"(max-width: 1008px) 100vw, 1008px\" \/><\/figure>\n\n\n\n<p>Indic\u00f3 que esta rehabilitaci\u00f3n vial en la avenida Delicias es el resultado del esfuerzo del presidente Nicol\u00e1s Maduro, el gobernador Luis Caldera y el alcalde Giancarlo Di Martino, junto al poder popular, enfocados en otorgarle buen vivir a todos los marabinos.<\/p>\n\n\n\n<p>De esta manera, la Alcald\u00eda de Maracaibo contin\u00faa avanzando con determinaci\u00f3n en la transformaci\u00f3n y el mejoramiento integral de la ciudad, consolidando una Maracaibo m\u00e1s transitable y segura para todos.<br><strong><em>ET \/ Prensa Alcald\u00eda de Maracaibo<\/em><\/strong><\/p>\n\n\n\n<p><\/p>\n","protected":false},"excerpt":{"rendered":"<p>ENTRE TORMENTAS. La Alcald\u00eda de Maracaibo, a trav\u00e9s de la Direcci\u00f3n de Infraestructura, anunci\u00f3 con&#8230;<\/p>\n","protected":false},"author":2,"featured_media":23098,"comment_status":"closed","ping_status":"open","sticky":false,"template":"","format":"standard","meta":{"footnotes":""},"categories":[57,1],"tags":[],"class_list":["post-23095","post","type-post","status-publish","format-standard","has-post-thumbnail","hentry","category-actualidad","category-regionales"],"_links":{"self":[{"href":"https:\/\/entretormentas.com\/index.php?rest_route=\/wp\/v2\/posts\/23095","targetHints":{"allow":["GET"]}}],"collection":[{"href":"https:\/\/entretormentas.com\/index.php?rest_route=\/wp\/v2\/posts"}],"about":[{"href":"https:\/\/entretormentas.com\/index.php?rest_route=\/wp\/v2\/types\/post"}],"author":[{"embeddable":true,"href":"https:\/\/entretormentas.com\/index.php?rest_route=\/wp\/v2\/users\/2"}],"replies":[{"embeddable":true,"href":"https:\/\/entretormentas.com\/index.php?rest_route=%2Fwp%2Fv2%2Fcomments&post=23095"}],"version-history":[{"count":1,"href":"https:\/\/entretormentas.com\/index.php?rest_route=\/wp\/v2\/posts\/23095\/revisions"}],"predecessor-version":[{"id":23099,"href":"https:\/\/entretormentas.com\/index.php?rest_route=\/wp\/v2\/posts\/23095\/revisions\/23099"}],"wp:featuredmedia":[{"embeddable":true,"href":"https:\/\/entretormentas.com\/index.php?rest_route=\/wp\/v2\/media\/23098"}],"wp:attachment":[{"href":"https:\/\/entretormentas.com\/index.php?rest_route=%2Fwp%2Fv2%2Fmedia&parent=23095"}],"wp:term":[{"taxonomy":"category","embeddable":true,"href":"https:\/\/entretormentas.com\/index.php?rest_route=%2Fwp%2Fv2%2Fcategories&post=23095"},{"taxonomy":"post_tag","embeddable":true,"href":"https:\/\/entretormentas.com\/index.php?rest_route=%2Fwp%2Fv2%2Ftags&post=23095"}],"curies":[{"name":"wp","href":"https:\/\/api.w.org\/{rel}","templated":true}]}}