{"id":23100,"date":"2025-10-08T21:21:53","date_gmt":"2025-10-09T01:21:53","guid":{"rendered":"https:\/\/entretormentas.com\/?p=23100"},"modified":"2025-10-08T21:21:53","modified_gmt":"2025-10-09T01:21:53","slug":"gobernador-impulsa-el-plan-cayapa-gobierno-entrega-rehabilitadas-y-dotadas-areas-claves-del-hum","status":"publish","type":"post","link":"https:\/\/entretormentas.com\/gobernador-impulsa-el-plan-cayapa-gobierno-entrega-rehabilitadas-y-dotadas-areas-claves-del-hum\/","title":{"rendered":"\u00a1GOBERNADOR IMPULSA EL PLAN CAYAPA! Gobierno entrega rehabilitadas y dotadas \u00e1reas claves del HUM"},"content":{"rendered":"\n<p><strong>ENTRE TORMENTAS. <\/strong>En un esfuerzo conjunto enmarcado en el Plan Cayapa de la Salud, impulsado por el gobernador del Zulia, Luis Caldera, y con el apoyo estrat\u00e9gico del Gobierno Nacional del presidente Nicol\u00e1s Maduro, a trav\u00e9s del Ministerio del Poder Popular para la Salud, el Servicio Aut\u00f3nomo Hospital Universitario de Maracaibo (Sahum), cuenta desde este mi\u00e9rcoles 8 de octubre con \u00e1reas claves para la atenci\u00f3n de los pacientes zulianos.<\/p>\n\n\n\n<p>Se trata del \u00e1rea de Triaje, Laboratorio y de seis pabellones quir\u00fargicos que dan un salto importante a la capacidad operativa a este importante centro de salud tipo IV del Zulia. La reinauguraci\u00f3n fue presidida por el gobernador Caldera, la primera dama del estado, Roselyn L\u00f3pez de Caldera, junto a la autoridad \u00fanica y secretaria de Salud del estado, Noly Fern\u00e1ndez; la directora del Sahum, Oneida Osorio y el equipo de salud del gobierno zuliano.<\/p>\n\n\n\n<figure class=\"wp-block-image size-large\"><img fetchpriority=\"high\" decoding=\"async\" width=\"1024\" height=\"768\" src=\"https:\/\/entretormentas.com\/wp-content\/uploads\/2025\/10\/sahum2-1024x768.jpg\" alt=\"\" class=\"wp-image-23101\" srcset=\"https:\/\/entretormentas.com\/wp-content\/uploads\/2025\/10\/sahum2-1024x768.jpg 1024w, https:\/\/entretormentas.com\/wp-content\/uploads\/2025\/10\/sahum2-300x225.jpg 300w, https:\/\/entretormentas.com\/wp-content\/uploads\/2025\/10\/sahum2-768x576.jpg 768w, https:\/\/entretormentas.com\/wp-content\/uploads\/2025\/10\/sahum2.jpg 1080w\" sizes=\"(max-width: 1024px) 100vw, 1024px\" \/><\/figure>\n\n\n\n<p>Cumpliendo con su gesti\u00f3n prioritaria en materia sanitaria, el gobernador Caldera record\u00f3 que este nosocomio fue el primero en ser abordado, un d\u00eda despu\u00e9s de su juramentaci\u00f3n como mandatario regional, mediante el Plan Cayapa de la Salud, estableciendo una hoja de ruta con el equipo del Sahum; la secretaria de Salud, Fern\u00e1ndez; la presidenta de Fundasalud, Luz Caldera y la subsecretaria de salud, Hilda Ram\u00edrez.<\/p>\n\n\n\n<p>Durante la entrega, la primera autoridad del gobierno regional destac\u00f3 la importancia crucial de las tres \u00e1reas recuperadas; en el \u00e1rea de Triaje, puerta entrada de atenci\u00f3n inmediata, refiri\u00f3 que cuenta ahora con 28 camas totalmente equipadas con tecnolog\u00eda de punta, incluyendo monitores multipar\u00e1metros.<\/p>\n\n\n\n<p>Explic\u00f3 que \u00e1rea es la primera l\u00ednea de diagn\u00f3stico y clasificaci\u00f3n del paciente que ingresa por emergencia, permitiendo una atenci\u00f3n m\u00e1s r\u00e1pida y organizada seg\u00fan la gravedad. Adem\u00e1s, la dotaci\u00f3n incluye un equipo de rayos X en la emergencia, fundamental para obtener im\u00e1genes diagn\u00f3sticas iniciales, facilitando la fase de diagn\u00f3stico que apoya al personal m\u00e9dico y de enfermer\u00eda.<\/p>\n\n\n\n<figure class=\"wp-block-image size-large\"><img decoding=\"async\" width=\"1024\" height=\"768\" src=\"https:\/\/entretormentas.com\/wp-content\/uploads\/2025\/10\/sahum3-1024x768.jpg\" alt=\"\" class=\"wp-image-23102\" srcset=\"https:\/\/entretormentas.com\/wp-content\/uploads\/2025\/10\/sahum3-1024x768.jpg 1024w, https:\/\/entretormentas.com\/wp-content\/uploads\/2025\/10\/sahum3-300x225.jpg 300w, https:\/\/entretormentas.com\/wp-content\/uploads\/2025\/10\/sahum3-768x576.jpg 768w, https:\/\/entretormentas.com\/wp-content\/uploads\/2025\/10\/sahum3.jpg 1080w\" sizes=\"(max-width: 1024px) 100vw, 1024px\" \/><\/figure>\n\n\n\n<p>En cuanto al laboratorio, que llevaba m\u00e1s de 10 a\u00f1os inoperativo, fue entregado totalmente nuevo y equipado; mientras que la apertura de los pabellones, ubicados en el quinto piso del plantel hospitalario, se suman a los tres que se encuentran en el servicio de Emergencia. Con esta media docena de nuevos espacios quir\u00fargicos, se consolida la atenci\u00f3n a los pacientes que llegan por emergencia y permitir\u00e1 retomar las operaciones electivas alineada al Plan Quir\u00fargico Nacional, explic\u00f3 el gobernador.<\/p>\n\n\n\n<p>Subray\u00f3 que esta acci\u00f3n es parte de un plan integral de inversi\u00f3n que busca descongestionar los hospitales tipo III y IV, como el Sahum y el General del Sur Dr. Pedro Iturbe.<\/p>\n\n\n\n<p>Como pr\u00f3xima meta, adelant\u00f3 el gobernador, tiene la reactivaci\u00f3n de la Unidad de Cuidados Intensivos Pedi\u00e1tricos (UCI) y la Unidad de Di\u00e1lisis en el noveno piso del tambi\u00e9n llamado Gigante Azul de la Salud.<br><strong><em>ET \/ Nota de Prensa<\/em><\/strong><\/p>\n\n\n\n<p><\/p>\n","protected":false},"excerpt":{"rendered":"<p>ENTRE TORMENTAS. En un esfuerzo conjunto enmarcado en el Plan Cayapa de la Salud, impulsado&#8230;<\/p>\n","protected":false},"author":2,"featured_media":23103,"comment_status":"closed","ping_status":"open","sticky":false,"template":"","format":"standard","meta":{"footnotes":""},"categories":[57,1],"tags":[],"class_list":["post-23100","post","type-post","status-publish","format-standard","has-post-thumbnail","hentry","category-actualidad","category-regionales"],"_links":{"self":[{"href":"https:\/\/entretormentas.com\/index.php?rest_route=\/wp\/v2\/posts\/23100","targetHints":{"allow":["GET"]}}],"collection":[{"href":"https:\/\/entretormentas.com\/index.php?rest_route=\/wp\/v2\/posts"}],"about":[{"href":"https:\/\/entretormentas.com\/index.php?rest_route=\/wp\/v2\/types\/post"}],"author":[{"embeddable":true,"href":"https:\/\/entretormentas.com\/index.php?rest_route=\/wp\/v2\/users\/2"}],"replies":[{"embeddable":true,"href":"https:\/\/entretormentas.com\/index.php?rest_route=%2Fwp%2Fv2%2Fcomments&post=23100"}],"version-history":[{"count":1,"href":"https:\/\/entretormentas.com\/index.php?rest_route=\/wp\/v2\/posts\/23100\/revisions"}],"predecessor-version":[{"id":23104,"href":"https:\/\/entretormentas.com\/index.php?rest_route=\/wp\/v2\/posts\/23100\/revisions\/23104"}],"wp:featuredmedia":[{"embeddable":true,"href":"https:\/\/entretormentas.com\/index.php?rest_route=\/wp\/v2\/media\/23103"}],"wp:attachment":[{"href":"https:\/\/entretormentas.com\/index.php?rest_route=%2Fwp%2Fv2%2Fmedia&parent=23100"}],"wp:term":[{"taxonomy":"category","embeddable":true,"href":"https:\/\/entretormentas.com\/index.php?rest_route=%2Fwp%2Fv2%2Fcategories&post=23100"},{"taxonomy":"post_tag","embeddable":true,"href":"https:\/\/entretormentas.com\/index.php?rest_route=%2Fwp%2Fv2%2Ftags&post=23100"}],"curies":[{"name":"wp","href":"https:\/\/api.w.org\/{rel}","templated":true}]}}