{"id":23109,"date":"2025-10-09T04:22:18","date_gmt":"2025-10-09T08:22:18","guid":{"rendered":"https:\/\/entretormentas.com\/?p=23109"},"modified":"2025-10-09T04:22:18","modified_gmt":"2025-10-09T08:22:18","slug":"en-el-casco-central-participacion-masiva-se-evidencio-en-jornada-de-salud-de-la-alcaldia-de-maracaibo","status":"publish","type":"post","link":"https:\/\/entretormentas.com\/en-el-casco-central-participacion-masiva-se-evidencio-en-jornada-de-salud-de-la-alcaldia-de-maracaibo\/","title":{"rendered":"\u00a1EN EL CASCO CENTRAL! Participaci\u00f3n masiva se evidenci\u00f3 en jornada de Salud de la Alcald\u00eda de Maracaibo"},"content":{"rendered":"\n<p><strong>ENTRE TORMENTAS. <\/strong>Con un despliegue humano y solidario que llen\u00f3 de esperanza el coraz\u00f3n de la ciudad, la Alcald\u00eda de Maracaibo, realiz\u00f3 este mi\u00e9rcoles, una gran jornada social y de Mercados Populares en el casco central, frente al cabildo y la plaza Bol\u00edvar, donde la Direcci\u00f3n General de Salud municipal, atendi\u00f3 a 565 pacientes que acudieron desde tempranas horas para recibir atenci\u00f3n m\u00e9dica gratuita y servicios integrales en un ambiente de cercan\u00eda, organizaci\u00f3n y compromiso.<\/p>\n\n\n\n<p>Fueron 400 adultos y 165 ni\u00f1os y ni\u00f1as atendidos en esta jornada que brind\u00f3 totalmente gratuita el alcalde Giancarlo Di Martino.<\/p>\n\n\n\n<figure class=\"wp-block-image size-large\"><img fetchpriority=\"high\" decoding=\"async\" width=\"1024\" height=\"576\" src=\"https:\/\/entretormentas.com\/wp-content\/uploads\/2025\/10\/mercaditos2-1024x576.jpg\" alt=\"\" class=\"wp-image-23110\" srcset=\"https:\/\/entretormentas.com\/wp-content\/uploads\/2025\/10\/mercaditos2-1024x576.jpg 1024w, https:\/\/entretormentas.com\/wp-content\/uploads\/2025\/10\/mercaditos2-300x169.jpg 300w, https:\/\/entretormentas.com\/wp-content\/uploads\/2025\/10\/mercaditos2-768x432.jpg 768w, https:\/\/entretormentas.com\/wp-content\/uploads\/2025\/10\/mercaditos2.jpg 1080w\" sizes=\"(max-width: 1024px) 100vw, 1024px\" \/><\/figure>\n\n\n\n<p>Desde este mi\u00e9rcoles las jornadas se desarrollar\u00e1n dos veces por semana, consolid\u00e1ndose como una oportunidad para que el pueblo pueda acudir con m\u00e1s seguido a adquirir productos a precios justos y a su vez atenderse m\u00e9dicamente y recibir sus medicinas de forma gratuita.<\/p>\n\n\n\n<p>\u201cCada mi\u00e9rcoles y s\u00e1bado est\u00e1 completamente invitada toda la comunidad del pueblo de Maracaibo, para recibir esta atenci\u00f3n de nuestro alcalde bolivariano Giancarlo Di Martino, de la mano siempre con nuestro gobernador Luis Caldera, porque traemos excelentes beneficios. La atenci\u00f3n de salud incluye medicina general, pediatr\u00eda, inmunizaciones, nutrici\u00f3n, ecograf\u00edas mamarias y p\u00e9lvicas, adem\u00e1s de asesor\u00eda legal, protecci\u00f3n animal y mercados solidarios. Tambi\u00e9n impulsamos a nuestros emprendedores\u00bb, acot\u00f3 Acosta<\/p>\n\n\n\n<p>Anunci\u00f3 que para el pr\u00f3ximo s\u00e1bado estaremos en La Chamarreta, en la parroquia Francisco Eugenio Bustamante\u201d, destac\u00f3 la directora General de Salud municipal.<\/p>\n\n\n\n<figure class=\"wp-block-image size-large\"><img decoding=\"async\" width=\"1024\" height=\"576\" src=\"https:\/\/entretormentas.com\/wp-content\/uploads\/2025\/10\/mercaditos3-1024x576.jpg\" alt=\"\" class=\"wp-image-23111\" srcset=\"https:\/\/entretormentas.com\/wp-content\/uploads\/2025\/10\/mercaditos3-1024x576.jpg 1024w, https:\/\/entretormentas.com\/wp-content\/uploads\/2025\/10\/mercaditos3-300x169.jpg 300w, https:\/\/entretormentas.com\/wp-content\/uploads\/2025\/10\/mercaditos3-768x432.jpg 768w, https:\/\/entretormentas.com\/wp-content\/uploads\/2025\/10\/mercaditos3.jpg 1080w\" sizes=\"(max-width: 1024px) 100vw, 1024px\" \/><\/figure>\n\n\n\n<p><strong>ATENCI\u00d3N INTEGRAL<\/strong><br>La jornada ofreci\u00f3 consultas de medicina general, pediatr\u00eda, odontolog\u00eda, inmunizaciones, valoraci\u00f3n nutricional, despistaje de hipertensi\u00f3n y diabetes, entrega gratuita de medicamentos, ecograf\u00edas en sitio y beneficios del programa de salud visual para adultos y ni\u00f1os.<\/p>\n\n\n\n<p>Este despliegue de atenci\u00f3n por parte del alcalde Di Martino cont\u00f3 con todo el equipo de la Brigada de Salud municipal, Protecci\u00f3n Civil, funcionarios de Polimaracaibo, PCP, y el respaldo de diversas direcciones e institutos municipales, logrando atender en un solo d\u00eda a los ciudadanos y ciudadanas que se acercaron al casco central, ubicado en la parroquia Bol\u00edvar.<\/p>\n\n\n\n<p><strong>IMPACTO SOCIAL<\/strong><br>Los testimonios de los beneficiarios reflejaron el impacto positivo de la actividad. Madres, adultos mayores y emprendedores coincidieron en que estas jornadas representan un alivio y un gesto de cercan\u00eda por parte de la gesti\u00f3n municipal.<\/p>\n\n\n\n<p>\u201cMe siento agradecida. Me gustan mucho estas jornadas que sin falta nos brinda el alcalde Di Martino todas las semanas. Hoy recib\u00ed consulta, medicamentos, me hicieron una ecograf\u00eda y a mi beb\u00e9 lo vacunaron. Es un apoyo inmenso para las familias\u201d, expres\u00f3 Teina Santilli, beneficiaria de la jornada.<\/p>\n\n\n\n<figure class=\"wp-block-image size-large\"><img decoding=\"async\" width=\"1024\" height=\"768\" src=\"https:\/\/entretormentas.com\/wp-content\/uploads\/2025\/10\/mercaditos4-1024x768.jpg\" alt=\"\" class=\"wp-image-23112\" srcset=\"https:\/\/entretormentas.com\/wp-content\/uploads\/2025\/10\/mercaditos4-1024x768.jpg 1024w, https:\/\/entretormentas.com\/wp-content\/uploads\/2025\/10\/mercaditos4-300x225.jpg 300w, https:\/\/entretormentas.com\/wp-content\/uploads\/2025\/10\/mercaditos4-768x576.jpg 768w, https:\/\/entretormentas.com\/wp-content\/uploads\/2025\/10\/mercaditos4-1536x1152.jpg 1536w, https:\/\/entretormentas.com\/wp-content\/uploads\/2025\/10\/mercaditos4-2048x1536.jpg 2048w\" sizes=\"(max-width: 1024px) 100vw, 1024px\" \/><\/figure>\n\n\n\n<p>\u201cNecesitaba un ecograma p\u00e9lvico y no contaba con los recursos. Aqu\u00ed me lo realizaron con la mejor atenci\u00f3n. Como marabina me siento protegida y escuchada por mi alcalde\u201d, afirm\u00f3 Le\u00edda Socorro, participante de la actividad.<\/p>\n\n\n\n<p>Con estas jornadas de atenci\u00f3n masiva, la Alcald\u00eda Bolivariana de Maracaibo reafirma su compromiso de garantizar salud, bienestar y justicia social, en cada parroquia de la ciudad, que s\u00f3lo en esta convocatoria beneficio a m\u00e1s de 165 ni\u00f1os y ni\u00f1as y 400 adultos.<\/p>\n\n\n\n<p>\u201cSeguiremos trabajando para que cada familia marabina sienta que la salud y el bienestar son derechos garantizados, no privilegios\u201d, concluy\u00f3 la doctora Acosta.<br><strong><em>ET \/ Prensa Alcald\u00eda de Maracaibo<\/em><\/strong><\/p>\n\n\n\n<p><\/p>\n","protected":false},"excerpt":{"rendered":"<p>ENTRE TORMENTAS. Con un despliegue humano y solidario que llen\u00f3 de esperanza el coraz\u00f3n de&#8230;<\/p>\n","protected":false},"author":2,"featured_media":23113,"comment_status":"closed","ping_status":"open","sticky":false,"template":"","format":"standard","meta":{"footnotes":""},"categories":[57,1],"tags":[],"class_list":["post-23109","post","type-post","status-publish","format-standard","has-post-thumbnail","hentry","category-actualidad","category-regionales"],"_links":{"self":[{"href":"https:\/\/entretormentas.com\/index.php?rest_route=\/wp\/v2\/posts\/23109","targetHints":{"allow":["GET"]}}],"collection":[{"href":"https:\/\/entretormentas.com\/index.php?rest_route=\/wp\/v2\/posts"}],"about":[{"href":"https:\/\/entretormentas.com\/index.php?rest_route=\/wp\/v2\/types\/post"}],"author":[{"embeddable":true,"href":"https:\/\/entretormentas.com\/index.php?rest_route=\/wp\/v2\/users\/2"}],"replies":[{"embeddable":true,"href":"https:\/\/entretormentas.com\/index.php?rest_route=%2Fwp%2Fv2%2Fcomments&post=23109"}],"version-history":[{"count":1,"href":"https:\/\/entretormentas.com\/index.php?rest_route=\/wp\/v2\/posts\/23109\/revisions"}],"predecessor-version":[{"id":23114,"href":"https:\/\/entretormentas.com\/index.php?rest_route=\/wp\/v2\/posts\/23109\/revisions\/23114"}],"wp:featuredmedia":[{"embeddable":true,"href":"https:\/\/entretormentas.com\/index.php?rest_route=\/wp\/v2\/media\/23113"}],"wp:attachment":[{"href":"https:\/\/entretormentas.com\/index.php?rest_route=%2Fwp%2Fv2%2Fmedia&parent=23109"}],"wp:term":[{"taxonomy":"category","embeddable":true,"href":"https:\/\/entretormentas.com\/index.php?rest_route=%2Fwp%2Fv2%2Fcategories&post=23109"},{"taxonomy":"post_tag","embeddable":true,"href":"https:\/\/entretormentas.com\/index.php?rest_route=%2Fwp%2Fv2%2Ftags&post=23109"}],"curies":[{"name":"wp","href":"https:\/\/api.w.org\/{rel}","templated":true}]}}