{"id":23115,"date":"2025-10-09T04:24:29","date_gmt":"2025-10-09T08:24:29","guid":{"rendered":"https:\/\/entretormentas.com\/?p=23115"},"modified":"2025-10-09T04:24:30","modified_gmt":"2025-10-09T08:24:30","slug":"santos-para-todos-afinan-detalles-para-canonizaciones-de-la-madre-carmen-rendiles-y-jose-gregorio-hernandez","status":"publish","type":"post","link":"https:\/\/entretormentas.com\/santos-para-todos-afinan-detalles-para-canonizaciones-de-la-madre-carmen-rendiles-y-jose-gregorio-hernandez\/","title":{"rendered":"\u00a1SANTOS PARA TODOS! Afinan detalles para canonizaciones de la madre Carmen Rendiles y Jos\u00e9 Gregorio Hern\u00e1ndez"},"content":{"rendered":"\n<p><strong>ENTRE TORMENTAS. <\/strong>El vicepresidente de la comisi\u00f3n de canonizaci\u00f3n de los beatos Jos\u00e9 Gregorio y madre Carmen Rendiles, padre Armelim de Sousa Andrade, detall\u00f3 cu\u00e1les son los preparativos que se tienen planeados para la canonizaci\u00f3n de ambos santos de Venezuela.<\/p>\n\n\n\n<p>La Arquidi\u00f3cesis de Caracas cre\u00f3 una campa\u00f1a desde los meses de febrero y marzo, cuando se anunci\u00f3 oficialmente la santificaci\u00f3n de JGH y madre Carmen. Dicha campa\u00f1a tiene como nombre \u2018Santos para Todos\u2019 y est\u00e1 hecha para rendir homenajes a ellos, ya que ser\u00e1n los primeros dos santos que tendr\u00e1 el pa\u00eds en toda su historia.<\/p>\n\n\n\n<p>\u00abDesde el mes de abril se cre\u00f3 la comisi\u00f3n y con un gran grupo de muchos laicos se ha hecho una campa\u00f1a muy bonita porque result\u00f3 ese hermosa coincidencia de que no fuera solamente Jos\u00e9 Gregorio, sino tambi\u00e9n madre Carmen que ambos llevaban unos procesos de canonizaci\u00f3n y result\u00f3 que fueron los dos al mismo tiempo\u00bb.<\/p>\n\n\n\n<p>Para los pr\u00f3ximos d\u00edas, el padre Armelim indic\u00f3 que la \u2018Fiesta de la Santidad\u2019 se efectuar\u00e1 el 25 de octubre en el estadio Monumental Sim\u00f3n Bol\u00edvar de Caracas con la participaci\u00f3n \u00abde una forma muy especial\u00bb de El Sistema Nacional de Orquestas y Coros Juveniles e Infantiles con alrededor de mil 300 m\u00fasicos y coristas con cantos de m\u00fasica sacra y repertorios de m\u00fasica venezolana.<\/p>\n\n\n\n<p>Para dicho evento en el estadio, de Sousa estim\u00f3 que se cuenta con la menos 30 mil personas inscritas para que acudan a la celebraci\u00f3n. Adem\u00e1s, tambi\u00e9n se invitaron a escuelas y universidades para que formen parte del evento.<\/p>\n\n\n\n<p>Al d\u00eda siguiente (26 de octubre) en el pueblo de Isnot\u00fa, estado Trujillo, se har\u00e1 una festividad en honor al natalicio del doctor Hern\u00e1ndez.<br><strong><em>ET \/ Uni\u00f3n Radio<\/em><\/strong><\/p>\n","protected":false},"excerpt":{"rendered":"<p>ENTRE TORMENTAS. El vicepresidente de la comisi\u00f3n de canonizaci\u00f3n de los beatos Jos\u00e9 Gregorio y&#8230;<\/p>\n","protected":false},"author":2,"featured_media":23116,"comment_status":"closed","ping_status":"open","sticky":false,"template":"","format":"standard","meta":{"footnotes":""},"categories":[56,49],"tags":[],"class_list":["post-23115","post","type-post","status-publish","format-standard","has-post-thumbnail","hentry","category-destacadas","category-nacionales"],"_links":{"self":[{"href":"https:\/\/entretormentas.com\/index.php?rest_route=\/wp\/v2\/posts\/23115","targetHints":{"allow":["GET"]}}],"collection":[{"href":"https:\/\/entretormentas.com\/index.php?rest_route=\/wp\/v2\/posts"}],"about":[{"href":"https:\/\/entretormentas.com\/index.php?rest_route=\/wp\/v2\/types\/post"}],"author":[{"embeddable":true,"href":"https:\/\/entretormentas.com\/index.php?rest_route=\/wp\/v2\/users\/2"}],"replies":[{"embeddable":true,"href":"https:\/\/entretormentas.com\/index.php?rest_route=%2Fwp%2Fv2%2Fcomments&post=23115"}],"version-history":[{"count":1,"href":"https:\/\/entretormentas.com\/index.php?rest_route=\/wp\/v2\/posts\/23115\/revisions"}],"predecessor-version":[{"id":23117,"href":"https:\/\/entretormentas.com\/index.php?rest_route=\/wp\/v2\/posts\/23115\/revisions\/23117"}],"wp:featuredmedia":[{"embeddable":true,"href":"https:\/\/entretormentas.com\/index.php?rest_route=\/wp\/v2\/media\/23116"}],"wp:attachment":[{"href":"https:\/\/entretormentas.com\/index.php?rest_route=%2Fwp%2Fv2%2Fmedia&parent=23115"}],"wp:term":[{"taxonomy":"category","embeddable":true,"href":"https:\/\/entretormentas.com\/index.php?rest_route=%2Fwp%2Fv2%2Fcategories&post=23115"},{"taxonomy":"post_tag","embeddable":true,"href":"https:\/\/entretormentas.com\/index.php?rest_route=%2Fwp%2Fv2%2Ftags&post=23115"}],"curies":[{"name":"wp","href":"https:\/\/api.w.org\/{rel}","templated":true}]}}